{"id":222015,"date":"2022-07-17T17:00:59","date_gmt":"2022-07-17T20:00:59","guid":{"rendered":"https:\/\/www.redenoticia.com.br\/noticia\/?p=222015"},"modified":"2022-07-17T17:00:59","modified_gmt":"2022-07-17T20:00:59","slug":"resumo-carinha-de-anjo-18-07-adolfo-recebe-haydee-no-apartamento-dos-larios","status":"publish","type":"post","link":"https:\/\/migracao.redenoticia.com.br\/noticia\/2022\/resumo-carinha-de-anjo-18-07-adolfo-recebe-haydee-no-apartamento-dos-larios\/222015","title":{"rendered":"Resumo \u201cCarinha De Anjo\u201d 18\/07: Adolfo recebe Haydee no apartamento dos L\u00e1rios"},"content":{"rendered":"<p> <img loading=\"lazy\" decoding=\"async\" class=\"aligncenter size-full wp-image-210452\" src=\"https:\/\/migracao.redenoticia.com.br\/noticia\/imagens\/carinha-de-anjo-novela-sbt-elenco-infantil.jpeg\" alt=\"\" width=\"1280\" height=\"720\" srcset=\"https:\/\/migracao.redenoticia.com.br\/noticia\/imagens\/carinha-de-anjo-novela-sbt-elenco-infantil.jpeg 1280w, https:\/\/migracao.redenoticia.com.br\/noticia\/imagens\/carinha-de-anjo-novela-sbt-elenco-infantil-250x140.jpeg 250w, https:\/\/migracao.redenoticia.com.br\/noticia\/imagens\/carinha-de-anjo-novela-sbt-elenco-infantil-400x225.jpeg 400w, https:\/\/migracao.redenoticia.com.br\/noticia\/imagens\/carinha-de-anjo-novela-sbt-elenco-infantil-768x432.jpeg 768w, https:\/\/migracao.redenoticia.com.br\/noticia\/imagens\/carinha-de-anjo-novela-sbt-elenco-infantil-150x85.jpeg 150w\" sizes=\"auto, (max-width: 1280px) 100vw, 1280px\" \/><\/p>\n<p><strong><em>Resumo da novela \u201cCarinha De Anjo\u201d<\/em><\/strong> em 18\/07: no cap\u00edtulo 221(*) da novela,  B\u00e1rbara e Frida decidem fazer uma rota alternativa das freiras e demais colegas da escola que est\u00e3o em passeio em um parque. Ribeiro revela para Peixoto que Haydee est\u00e1 mudada e arrependida. Adolfo recebe Haydee no apartamento dos L\u00e1rios e a mulher se emociona. O homem diz n\u00e3o conseguir pensar em mais ningu\u00e9m. B\u00e1rbara perde os \u00f3culos em um brinquedo alto e fica assustada. Haydee elogia a comida preparada por Adolfo, enquanto o homem conta que est\u00e1 apaixonado por ela.<\/p>\n<p>Adolfo comenta que Gustavo est\u00e1 separado de Cec\u00edlia por conta de algumas fotos que devem ser fruto de uma arma\u00e7\u00e3o para separ\u00e1-los. Haydee v\u00ea as fotos e diz para Adolfo que lembra que a mulher das imagens esteve em sua casa para falar com Fl\u00e1vio. Os dois v\u00e3o correndo para a casa dela, pois Haydee possui uma grava\u00e7\u00e3o do acontecimento. Um empres\u00e1rio pede para falar com Crist\u00f3v\u00e3o e diz que os \u00e1rabes est\u00e3o de volta ao Brasil e querem falar com ele, desde o \u00faltimo contrato. Crist\u00f3v\u00e3o n\u00e3o entende o ocorrido, pois quem fechou o neg\u00f3cio com os \u00e1rabes foi um homem que usou o nome dele em v\u00e3o.<\/p>\n<p>Crist\u00f3v\u00e3o ent\u00e3o finge que sabe de tudo para poder provar que \u00e9 inocente para Gustavo. Haydee mostra o v\u00eddeo com \u00e1udio da negocia\u00e7\u00e3o de Fl\u00e1vio para separar Cec\u00edlia e Gustavo. A mulher pede para Adolfo mostrar o v\u00eddeo para Gustavo e Cec\u00edlia, pois possui a obriga\u00e7\u00e3o de fazer o que \u00e9 certo. B\u00e1rbara \u00e9 resgatada com a ajuda de Dulce Maria e fica chateada que Frida lhe largou sozinha.<\/p>\n<p>B\u00e1rbara abra\u00e7a Dulce e lhe agradece. In\u00e1cio e Diana anunciam para Zeca e Miguel que eles v\u00e3o gravar um CD para uma gravadora. Crist\u00f3v\u00e3o conta para Cec\u00edlia e F\u00e1tima sobre os \u00e1rabes para confirmar que Leonardo esteve por tr\u00e1s de todo golpe na Rey Caf\u00e9. Cec\u00edlia vai at\u00e9 a casa de Estef\u00e2nia para conseguir fotos de seu casamento com objetivo que os \u00e1rabes indiquem para Crist\u00f3v\u00e3o quem foi fechar o contrato se passado por ele. Haydee expulsa Fl\u00e1vio de casa. Fl\u00e1vio amea\u00e7a agredir a m\u00e3e, mas Adolfo aparece e interv\u00e9m.<\/p>\n<p>(*) edi\u00e7\u00e3o das novelas do SBT, \u201cCarinha De Anjo\u201d, sujeito a altera\u00e7\u00e3o de data e conte\u00fado.<\/p>\n<p>Sinopse \u201cCarinha De Anjo\u201d: Dulce Maria \u00e9 uma menina doce, ing\u00eanua, inteligente e alegre de 5 anos de idade. \u00c9 brincalhona, aventureira e extremamente curiosa. Diverte a todos com seus coment\u00e1rios e perguntas indiscretas e surpreende com suas descobertas.<\/p>\n<p>Ela \u00e9 filha \u00fanica de Gustavo L\u00e1rios (Carlo Porto), bem-sucedido empres\u00e1rio da cafeicultura brasileira, e da mexicana Teresa Rezende L\u00e1rios (Lucero), m\u00e3e acolhedora de s\u00e1bios conselhos e voz ador\u00e1vel, que faleceu num acidente quando Dulce Maria tinha apenas 3 anos de idade. Traumatizado com a trag\u00e9dia, Gustavo deixou a filha no col\u00e9gio interno.<\/p>\n","protected":false},"excerpt":{"rendered":"<p>Resumo da novela \u201cCarinha De Anjo\u201d em 18\/07: no cap\u00edtulo 221(*) da novela, B\u00e1rbara e Frida decidem fazer uma rota alternativa das freiras e demais colegas da escola que est\u00e3o em passeio em um parque. Ribeiro revela para Peixoto que Haydee est\u00e1 mudada e arrependida. Adolfo recebe Haydee no apartamento dos L\u00e1rios e a mulher [&hellip;]<\/p>\n","protected":false},"author":2,"featured_media":210453,"comment_status":"closed","ping_status":"closed","sticky":false,"template":"","format":"standard","meta":{"tdm_status":"","tdm_grid_status":"","footnotes":""},"categories":[452,379,2025,372,343],"tags":[441],"class_list":{"0":"post-222015","1":"post","2":"type-post","3":"status-publish","4":"format-standard","5":"has-post-thumbnail","7":"category-carinha-de-anjo","8":"category-novelas","9":"category-resumo","10":"category-sbt","11":"category-televisao","12":"tag-resumo-do-dia"},"_links":{"self":[{"href":"https:\/\/migracao.redenoticia.com.br\/noticia\/wp-json\/wp\/v2\/posts\/222015","targetHints":{"allow":["GET"]}}],"collection":[{"href":"https:\/\/migracao.redenoticia.com.br\/noticia\/wp-json\/wp\/v2\/posts"}],"about":[{"href":"https:\/\/migracao.redenoticia.com.br\/noticia\/wp-json\/wp\/v2\/types\/post"}],"author":[{"embeddable":true,"href":"https:\/\/migracao.redenoticia.com.br\/noticia\/wp-json\/wp\/v2\/users\/2"}],"replies":[{"embeddable":true,"href":"https:\/\/migracao.redenoticia.com.br\/noticia\/wp-json\/wp\/v2\/comments?post=222015"}],"version-history":[{"count":0,"href":"https:\/\/migracao.redenoticia.com.br\/noticia\/wp-json\/wp\/v2\/posts\/222015\/revisions"}],"wp:featuredmedia":[{"embeddable":true,"href":"https:\/\/migracao.redenoticia.com.br\/noticia\/wp-json\/wp\/v2\/media\/210453"}],"wp:attachment":[{"href":"https:\/\/migracao.redenoticia.com.br\/noticia\/wp-json\/wp\/v2\/media?parent=222015"}],"wp:term":[{"taxonomy":"category","embeddable":true,"href":"https:\/\/migracao.redenoticia.com.br\/noticia\/wp-json\/wp\/v2\/categories?post=222015"},{"taxonomy":"post_tag","embeddable":true,"href":"https:\/\/migracao.redenoticia.com.br\/noticia\/wp-json\/wp\/v2\/tags?post=222015"}],"curies":[{"name":"wp","href":"https:\/\/api.w.org\/{rel}","templated":true}]}}