{"id":222025,"date":"2022-07-17T17:07:18","date_gmt":"2022-07-17T20:07:18","guid":{"rendered":"https:\/\/www.redenoticia.com.br\/noticia\/?p=222025"},"modified":"2022-07-17T17:07:18","modified_gmt":"2022-07-17T20:07:18","slug":"resumo-cara-e-coragem-18-07-andrea-leva-pat-para-a-reuniao-com-grupo-de-mulheres","status":"publish","type":"post","link":"https:\/\/migracao.redenoticia.com.br\/noticia\/2022\/resumo-cara-e-coragem-18-07-andrea-leva-pat-para-a-reuniao-com-grupo-de-mulheres\/222025","title":{"rendered":"Resumo \u201cCara e Coragem\u201d 18\/07: Andr\u00e9a leva Pat para a reuni\u00e3o com grupo de mulheres"},"content":{"rendered":"<p> <img loading=\"lazy\" decoding=\"async\" src=\"https:\/\/migracao.redenoticia.com.br\/noticia\/imagens\/cara-e-coragem.jpg\" alt=\"\" width=\"1280\" height=\"720\" class=\"aligncenter size-full wp-image-220184\" srcset=\"https:\/\/migracao.redenoticia.com.br\/noticia\/imagens\/cara-e-coragem.jpg 1280w, https:\/\/migracao.redenoticia.com.br\/noticia\/imagens\/cara-e-coragem-250x140.jpg 250w, https:\/\/migracao.redenoticia.com.br\/noticia\/imagens\/cara-e-coragem-400x225.jpg 400w, https:\/\/migracao.redenoticia.com.br\/noticia\/imagens\/cara-e-coragem-768x432.jpg 768w, https:\/\/migracao.redenoticia.com.br\/noticia\/imagens\/cara-e-coragem-150x84.jpg 150w\" sizes=\"auto, (max-width: 1280px) 100vw, 1280px\" \/><\/p>\n<p><strong><em>Resumo da novela \u201cCara e Coragem\u201d<\/em><\/strong> em 18\/07: no cap\u00edtulo 043(*) da novela, Moa estranha ao saber que Pat saiu com Andr\u00e9a. Martha convida Regina para jantar em sua casa. \u00cdtalo questiona Jonathan sobre Anita. Andr\u00e9a leva Pat para a reuni\u00e3o com o grupo de mulheres. Ela d\u00e1 um depoimento sobre o estado de sa\u00fade do marido e se emociona. Moa, Nadir e Joca conversam com o m\u00e9dico de Alfredo.<\/p>\n<p>Rebeca pensa em quem pode chamar para testemunhar a seu favor no processo da guarda de Chiquinho. Renan fica curioso para saber quem Ol\u00edvia ir\u00e1 chamar para dar aulas na companhia de dan\u00e7a. Armandinho foge de suas tr\u00eas ex-mulheres. Andr\u00e9a explica a Pat que ela n\u00e3o pode revelar nada sobre o grupo. Moa se preocupa com a aus\u00eancia de Pat e Andr\u00e9a. Lou vai com Rico e \u00cdtalo ao hospital para dar apoio a Pat. Sai o resultado do exame de Alfredo.<\/p>\n<p>(*) edi\u00e7\u00e3o das novelas da Globo, \u201cCara e Coragem\u201d, sujeito a altera\u00e7\u00e3o de data e conte\u00fado.<\/p>\n<p>Sinopse \u201cCara e Coragem\u201d: Os dubl\u00eas profissionais Pat e Moa ter\u00e3o seus caminhos tra\u00e7ados com o da empres\u00e1ria Clarice Gusm\u00e3o, diretora da Sider\u00fargica Gusm\u00e3o e inventora de uma f\u00f3rmula secreta milion\u00e1ria, que ser\u00e1 invejada por Leonardo, irm\u00e3o de Clarice, sua amante Regina, e Danilo, tamb\u00e9m empres\u00e1rio.<\/p>\n<p>Enquanto os dubl\u00eas se descobrir\u00e3o apaixonados um pelo outro, mesmo que eles n\u00e3o admitam, Clarice ter\u00e1 um caso com \u00cdtalo, um instrutor de parkur, al\u00e9m de outros segredos obscuros dentro da trama. Uma reviravolta em sua vida acontece ao descobrir a exist\u00eancia de Anita, uma s\u00f3sia sua, mas com uma personalidade totalmente oposta.<\/p>\n","protected":false},"excerpt":{"rendered":"<p>Resumo da novela \u201cCara e Coragem\u201d em 18\/07: no cap\u00edtulo 043(*) da novela, Moa estranha ao saber que Pat saiu com Andr\u00e9a. Martha convida Regina para jantar em sua casa. \u00cdtalo questiona Jonathan sobre Anita. Andr\u00e9a leva Pat para a reuni\u00e3o com o grupo de mulheres. Ela d\u00e1 um depoimento sobre o estado de sa\u00fade [&hellip;]<\/p>\n","protected":false},"author":2,"featured_media":220185,"comment_status":"closed","ping_status":"closed","sticky":false,"template":"","format":"standard","meta":{"tdm_status":"","tdm_grid_status":"","footnotes":""},"categories":[2281,379,375,2025,343],"tags":[441],"class_list":{"0":"post-222025","1":"post","2":"type-post","3":"status-publish","4":"format-standard","5":"has-post-thumbnail","7":"category-cara-e-coragem","8":"category-novelas","9":"category-rede-globo","10":"category-resumo","11":"category-televisao","12":"tag-resumo-do-dia"},"_links":{"self":[{"href":"https:\/\/migracao.redenoticia.com.br\/noticia\/wp-json\/wp\/v2\/posts\/222025","targetHints":{"allow":["GET"]}}],"collection":[{"href":"https:\/\/migracao.redenoticia.com.br\/noticia\/wp-json\/wp\/v2\/posts"}],"about":[{"href":"https:\/\/migracao.redenoticia.com.br\/noticia\/wp-json\/wp\/v2\/types\/post"}],"author":[{"embeddable":true,"href":"https:\/\/migracao.redenoticia.com.br\/noticia\/wp-json\/wp\/v2\/users\/2"}],"replies":[{"embeddable":true,"href":"https:\/\/migracao.redenoticia.com.br\/noticia\/wp-json\/wp\/v2\/comments?post=222025"}],"version-history":[{"count":0,"href":"https:\/\/migracao.redenoticia.com.br\/noticia\/wp-json\/wp\/v2\/posts\/222025\/revisions"}],"wp:featuredmedia":[{"embeddable":true,"href":"https:\/\/migracao.redenoticia.com.br\/noticia\/wp-json\/wp\/v2\/media\/220185"}],"wp:attachment":[{"href":"https:\/\/migracao.redenoticia.com.br\/noticia\/wp-json\/wp\/v2\/media?parent=222025"}],"wp:term":[{"taxonomy":"category","embeddable":true,"href":"https:\/\/migracao.redenoticia.com.br\/noticia\/wp-json\/wp\/v2\/categories?post=222025"},{"taxonomy":"post_tag","embeddable":true,"href":"https:\/\/migracao.redenoticia.com.br\/noticia\/wp-json\/wp\/v2\/tags?post=222025"}],"curies":[{"name":"wp","href":"https:\/\/api.w.org\/{rel}","templated":true}]}}