{"id":222050,"date":"2022-07-19T16:41:08","date_gmt":"2022-07-19T19:41:08","guid":{"rendered":"https:\/\/www.redenoticia.com.br\/noticia\/?p=222050"},"modified":"2022-07-19T16:41:08","modified_gmt":"2022-07-19T19:41:08","slug":"resumo-carinha-de-anjo-20-07-cecilia-pede-perdao-a-gustavo","status":"publish","type":"post","link":"https:\/\/migracao.redenoticia.com.br\/noticia\/2022\/resumo-carinha-de-anjo-20-07-cecilia-pede-perdao-a-gustavo\/222050","title":{"rendered":"Resumo \u201cCarinha De Anjo\u201d 20\/07: Cec\u00edlia pede perd\u00e3o a Gustavo"},"content":{"rendered":"<p> <img loading=\"lazy\" decoding=\"async\" class=\"aligncenter size-full wp-image-210452\" src=\"https:\/\/migracao.redenoticia.com.br\/noticia\/imagens\/carinha-de-anjo-novela-sbt-elenco-infantil.jpeg\" alt=\"\" width=\"1280\" height=\"720\" srcset=\"https:\/\/migracao.redenoticia.com.br\/noticia\/imagens\/carinha-de-anjo-novela-sbt-elenco-infantil.jpeg 1280w, https:\/\/migracao.redenoticia.com.br\/noticia\/imagens\/carinha-de-anjo-novela-sbt-elenco-infantil-250x140.jpeg 250w, https:\/\/migracao.redenoticia.com.br\/noticia\/imagens\/carinha-de-anjo-novela-sbt-elenco-infantil-400x225.jpeg 400w, https:\/\/migracao.redenoticia.com.br\/noticia\/imagens\/carinha-de-anjo-novela-sbt-elenco-infantil-768x432.jpeg 768w, https:\/\/migracao.redenoticia.com.br\/noticia\/imagens\/carinha-de-anjo-novela-sbt-elenco-infantil-150x85.jpeg 150w\" sizes=\"auto, (max-width: 1280px) 100vw, 1280px\" \/><\/p>\n<p><strong><em>Resumo da novela \u201cCarinha De Anjo\u201d<\/em><\/strong> em 20\/07: no cap\u00edtulo 223(*) da novela, Haydee diz ao filho que n\u00e3o pode conviver com algu\u00e9m que fez e faz tanto mal aos outros. Fl\u00e1vio chora, diz que a m\u00e3e vai se arrepender e que ele voltar\u00e1 para se vingar. Gustavo conversa com Padre Gabriel e revela que ficou sabendo que Leonardo mandou mais do que devia na empresa em sua aus\u00eancia. Lulu conta para Dulce Maria o que escutou sobre a separa\u00e7\u00e3o de Gustavo e Cec\u00edlia.<\/p>\n<p>Haydee e Adolfo v\u00e3o at\u00e9 a casa de F\u00e1tima para falar com Cec\u00edlia. Eles revelam que possuem provas de que Gustavo n\u00e3o fez nada e tudo foi uma arma\u00e7\u00e3o de Fl\u00e1vio. Mais tarde, Fl\u00e1vio vai ao apartamento de Leonardo, diz que o jogo virou e que ele tem at\u00e9 o final do dia para lhe entregar muita grana para ele ir embora, caso contr\u00e1rio ir\u00e1 revelar para Gustavo toda verdade sobre Fl\u00e1vio. A Madre Superiora conversa com a m\u00e3e de Frida para contar sobre o comportamento dela.<\/p>\n<p>Cec\u00edlia vai atr\u00e1s de Gustavo para pedir perd\u00e3o ao esposo e diz que foram v\u00edtimas de um golpe. Crist\u00f3v\u00e3o diz que n\u00e3o compreende a mando de quem Fl\u00e1vio est\u00e1 agindo. Haydee lembra de uma visita feita por Leonardo assim que Nicole morreu amea\u00e7ando-os. Crist\u00f3v\u00e3o percebe ent\u00e3o que est\u00e1 tudo claro e que Leonardo sempre esteve por tr\u00e1s de tudo usando Fl\u00e1vio. Gustavo e Cec\u00edlia se beijam. Silvana diz para Leonardo que Fl\u00e1vio n\u00e3o para de ligar atr\u00e1s dele. Leonardo \u00e9 rude com a secret\u00e1ria, que desconfia. <\/p>\n<p>(*) edi\u00e7\u00e3o das novelas do SBT, \u201cCarinha De Anjo\u201d, sujeito a altera\u00e7\u00e3o de data e conte\u00fado.<\/p>\n<p>Sinopse \u201cCarinha De Anjo\u201d: Dulce Maria \u00e9 uma menina doce, ing\u00eanua, inteligente e alegre de 5 anos de idade. \u00c9 brincalhona, aventureira e extremamente curiosa. Diverte a todos com seus coment\u00e1rios e perguntas indiscretas e surpreende com suas descobertas.<\/p>\n<p>Ela \u00e9 filha \u00fanica de Gustavo L\u00e1rios (Carlo Porto), bem-sucedido empres\u00e1rio da cafeicultura brasileira, e da mexicana Teresa Rezende L\u00e1rios (Lucero), m\u00e3e acolhedora de s\u00e1bios conselhos e voz ador\u00e1vel, que faleceu num acidente quando Dulce Maria tinha apenas 3 anos de idade. Traumatizado com a trag\u00e9dia, Gustavo deixou a filha no col\u00e9gio interno.<\/p>\n","protected":false},"excerpt":{"rendered":"<p>Resumo da novela \u201cCarinha De Anjo\u201d em 20\/07: no cap\u00edtulo 223(*) da novela, Haydee diz ao filho que n\u00e3o pode conviver com algu\u00e9m que fez e faz tanto mal aos outros. Fl\u00e1vio chora, diz que a m\u00e3e vai se arrepender e que ele voltar\u00e1 para se vingar. Gustavo conversa com Padre Gabriel e revela que [&hellip;]<\/p>\n","protected":false},"author":2,"featured_media":210453,"comment_status":"closed","ping_status":"closed","sticky":false,"template":"","format":"standard","meta":{"tdm_status":"","tdm_grid_status":"","footnotes":""},"categories":[452,379,2025,372,343],"tags":[441],"class_list":{"0":"post-222050","1":"post","2":"type-post","3":"status-publish","4":"format-standard","5":"has-post-thumbnail","7":"category-carinha-de-anjo","8":"category-novelas","9":"category-resumo","10":"category-sbt","11":"category-televisao","12":"tag-resumo-do-dia"},"_links":{"self":[{"href":"https:\/\/migracao.redenoticia.com.br\/noticia\/wp-json\/wp\/v2\/posts\/222050","targetHints":{"allow":["GET"]}}],"collection":[{"href":"https:\/\/migracao.redenoticia.com.br\/noticia\/wp-json\/wp\/v2\/posts"}],"about":[{"href":"https:\/\/migracao.redenoticia.com.br\/noticia\/wp-json\/wp\/v2\/types\/post"}],"author":[{"embeddable":true,"href":"https:\/\/migracao.redenoticia.com.br\/noticia\/wp-json\/wp\/v2\/users\/2"}],"replies":[{"embeddable":true,"href":"https:\/\/migracao.redenoticia.com.br\/noticia\/wp-json\/wp\/v2\/comments?post=222050"}],"version-history":[{"count":0,"href":"https:\/\/migracao.redenoticia.com.br\/noticia\/wp-json\/wp\/v2\/posts\/222050\/revisions"}],"wp:featuredmedia":[{"embeddable":true,"href":"https:\/\/migracao.redenoticia.com.br\/noticia\/wp-json\/wp\/v2\/media\/210453"}],"wp:attachment":[{"href":"https:\/\/migracao.redenoticia.com.br\/noticia\/wp-json\/wp\/v2\/media?parent=222050"}],"wp:term":[{"taxonomy":"category","embeddable":true,"href":"https:\/\/migracao.redenoticia.com.br\/noticia\/wp-json\/wp\/v2\/categories?post=222050"},{"taxonomy":"post_tag","embeddable":true,"href":"https:\/\/migracao.redenoticia.com.br\/noticia\/wp-json\/wp\/v2\/tags?post=222050"}],"curies":[{"name":"wp","href":"https:\/\/api.w.org\/{rel}","templated":true}]}}