{"id":222056,"date":"2022-07-19T16:47:11","date_gmt":"2022-07-19T19:47:11","guid":{"rendered":"https:\/\/www.redenoticia.com.br\/noticia\/?p=222056"},"modified":"2022-07-19T16:47:11","modified_gmt":"2022-07-19T19:47:11","slug":"resumo-cara-e-coragem-20-07-moa-descobre-que-pat-faz-parte-do-grupo-de-mulheres","status":"publish","type":"post","link":"https:\/\/migracao.redenoticia.com.br\/noticia\/2022\/resumo-cara-e-coragem-20-07-moa-descobre-que-pat-faz-parte-do-grupo-de-mulheres\/222056","title":{"rendered":"Resumo \u201cCara e Coragem\u201d 20\/07: Moa descobre que Pat faz parte do grupo de mulheres"},"content":{"rendered":"<p> <img loading=\"lazy\" decoding=\"async\" src=\"https:\/\/migracao.redenoticia.com.br\/noticia\/imagens\/cara-e-coragem.jpg\" alt=\"\" width=\"1280\" height=\"720\" class=\"aligncenter size-full wp-image-220184\" srcset=\"https:\/\/migracao.redenoticia.com.br\/noticia\/imagens\/cara-e-coragem.jpg 1280w, https:\/\/migracao.redenoticia.com.br\/noticia\/imagens\/cara-e-coragem-250x140.jpg 250w, https:\/\/migracao.redenoticia.com.br\/noticia\/imagens\/cara-e-coragem-400x225.jpg 400w, https:\/\/migracao.redenoticia.com.br\/noticia\/imagens\/cara-e-coragem-768x432.jpg 768w, https:\/\/migracao.redenoticia.com.br\/noticia\/imagens\/cara-e-coragem-150x84.jpg 150w\" sizes=\"auto, (max-width: 1280px) 100vw, 1280px\" \/><\/p>\n<p><strong><em>Resumo da novela \u201cCara e Coragem\u201d<\/em><\/strong> em 20\/07: no cap\u00edtulo 045(*) da novela, Andr\u00e9a e Moa passam a noite juntos. Nadir cobra satisfa\u00e7\u00f5es de Pat ao ver sua rea\u00e7\u00e3o diante das fotos de Moa e Andr\u00e9a. Moa visita Alfredo no hospital. Joca reclama da insist\u00eancia de Lou em querer se aproximar de Pat. Renan pensa em se vingar de Lou por achar que est\u00e1 sendo maltratado por ela. Moa consola Pat ao saber do diagn\u00f3stico de Alfredo.<\/p>\n<p>J\u00e9ssica desfruta do luxo da casa de Bob Wright. Andr\u00e9a reposta em sua rede social uma mat\u00e9ria sobre seu romance com Moa e a Coragem.com come\u00e7a a ganhar fama. Regina manipula uma situa\u00e7\u00e3o na frente de Martha para obrigar Leonardo a formalizar o noivado com ela. \u00cdtalo conta para Moa que Pat faz parte do grupo de mulheres de Andr\u00e9a. Pat se assusta quando uma das mulheres do grupo amea\u00e7a um homem para vingar uma das s\u00f3cias.<br \/>\n(*) edi\u00e7\u00e3o das novelas da Globo, \u201cCara e Coragem\u201d, sujeito a altera\u00e7\u00e3o de data e conte\u00fado.<\/p>\n<p>Sinopse \u201cCara e Coragem\u201d: Os dubl\u00eas profissionais Pat e Moa ter\u00e3o seus caminhos tra\u00e7ados com o da empres\u00e1ria Clarice Gusm\u00e3o, diretora da Sider\u00fargica Gusm\u00e3o e inventora de uma f\u00f3rmula secreta milion\u00e1ria, que ser\u00e1 invejada por Leonardo, irm\u00e3o de Clarice, sua amante Regina, e Danilo, tamb\u00e9m empres\u00e1rio.<\/p>\n<p>Enquanto os dubl\u00eas se descobrir\u00e3o apaixonados um pelo outro, mesmo que eles n\u00e3o admitam, Clarice ter\u00e1 um caso com \u00cdtalo, um instrutor de parkur, al\u00e9m de outros segredos obscuros dentro da trama. Uma reviravolta em sua vida acontece ao descobrir a exist\u00eancia de Anita, uma s\u00f3sia sua, mas com uma personalidade totalmente oposta.<\/p>\n","protected":false},"excerpt":{"rendered":"<p>Resumo da novela \u201cCara e Coragem\u201d em 20\/07: no cap\u00edtulo 045(*) da novela, Andr\u00e9a e Moa passam a noite juntos. Nadir cobra satisfa\u00e7\u00f5es de Pat ao ver sua rea\u00e7\u00e3o diante das fotos de Moa e Andr\u00e9a. Moa visita Alfredo no hospital. Joca reclama da insist\u00eancia de Lou em querer se aproximar de Pat. Renan pensa [&hellip;]<\/p>\n","protected":false},"author":2,"featured_media":220185,"comment_status":"closed","ping_status":"closed","sticky":false,"template":"","format":"standard","meta":{"tdm_status":"","tdm_grid_status":"","footnotes":""},"categories":[2281,379,375,2025,343],"tags":[441],"class_list":{"0":"post-222056","1":"post","2":"type-post","3":"status-publish","4":"format-standard","5":"has-post-thumbnail","7":"category-cara-e-coragem","8":"category-novelas","9":"category-rede-globo","10":"category-resumo","11":"category-televisao","12":"tag-resumo-do-dia"},"_links":{"self":[{"href":"https:\/\/migracao.redenoticia.com.br\/noticia\/wp-json\/wp\/v2\/posts\/222056","targetHints":{"allow":["GET"]}}],"collection":[{"href":"https:\/\/migracao.redenoticia.com.br\/noticia\/wp-json\/wp\/v2\/posts"}],"about":[{"href":"https:\/\/migracao.redenoticia.com.br\/noticia\/wp-json\/wp\/v2\/types\/post"}],"author":[{"embeddable":true,"href":"https:\/\/migracao.redenoticia.com.br\/noticia\/wp-json\/wp\/v2\/users\/2"}],"replies":[{"embeddable":true,"href":"https:\/\/migracao.redenoticia.com.br\/noticia\/wp-json\/wp\/v2\/comments?post=222056"}],"version-history":[{"count":0,"href":"https:\/\/migracao.redenoticia.com.br\/noticia\/wp-json\/wp\/v2\/posts\/222056\/revisions"}],"wp:featuredmedia":[{"embeddable":true,"href":"https:\/\/migracao.redenoticia.com.br\/noticia\/wp-json\/wp\/v2\/media\/220185"}],"wp:attachment":[{"href":"https:\/\/migracao.redenoticia.com.br\/noticia\/wp-json\/wp\/v2\/media?parent=222056"}],"wp:term":[{"taxonomy":"category","embeddable":true,"href":"https:\/\/migracao.redenoticia.com.br\/noticia\/wp-json\/wp\/v2\/categories?post=222056"},{"taxonomy":"post_tag","embeddable":true,"href":"https:\/\/migracao.redenoticia.com.br\/noticia\/wp-json\/wp\/v2\/tags?post=222056"}],"curies":[{"name":"wp","href":"https:\/\/api.w.org\/{rel}","templated":true}]}}