{"id":22211,"date":"2010-01-22T10:12:55","date_gmt":"2010-01-22T14:12:55","guid":{"rendered":"http:\/\/www.redenoticia.com.br\/noticia\/?p=22211"},"modified":"2010-01-22T11:14:13","modified_gmt":"2010-01-22T15:14:13","slug":"climatempo-frente-fria-fica-parada-em-sp-2201","status":"publish","type":"post","link":"https:\/\/migracao.redenoticia.com.br\/noticia\/2010\/climatempo-frente-fria-fica-parada-em-sp-2201\/22211","title":{"rendered":"Climatempo &#8211; Frente fria fica parada em SP"},"content":{"rendered":"<p><strong><em><img loading=\"lazy\" decoding=\"async\" class=\"alignleft size-full wp-image-19270\" title=\"climatempo\" src=\"https:\/\/migracao.redenoticia.com.br\/noticia\/imagens\/climatempo2.jpg\" alt=\"\" width=\"300\" height=\"193\" srcset=\"https:\/\/migracao.redenoticia.com.br\/noticia\/imagens\/climatempo2.jpg 300w, https:\/\/migracao.redenoticia.com.br\/noticia\/imagens\/climatempo2-250x160.jpg 250w, https:\/\/migracao.redenoticia.com.br\/noticia\/imagens\/climatempo2-150x96.jpg 150w\" sizes=\"auto, (max-width: 300px) 100vw, 300px\" \/>Climatempo<\/em><\/strong> &#8211; O ver\u00e3o \u00e9 esta\u00e7\u00e3o das \u00e1guas e a \u00e9poca que mais chove na Grande S\u00e3o Paulo. Com o temporal da \u00faltima madrugada, v\u00e1rias \u00e1reas da cidade amanheceram alagadas e intransit\u00e1veis. O ver\u00e3o come\u00e7ou oficialmente em 21 de dezembro e terminar\u00e1 no dia 20 de mar\u00e7o. At\u00e9 l\u00e1, tem muita \u00e1gua para cair. A chuva forte do dia 21 de janeiro \u00e9 consequ\u00eancia da chegada de outra frente fria ao Estado de S\u00e3o Paulo. O ar muito quente que j\u00e1 era observado por todo o Estado colaborou para o crescimento das \u00e1reas de chuva.\u00a0<\/p>\n<p>Volumes de chuva entre 80 e 110 mil\u00edmetros foram medidos por diferentes \u00f3rg\u00e3os governamentais que monitoram as precipita\u00e7\u00f5es em S\u00e3o Paulo, em bairros das zonas centro, oeste e sul da capital e sobre o Grande ABC. Esses valores s\u00e3o muito elevados para qualquer lugar e em qualquer \u00e9poca do ano. A chuva foi menos volumosa na zona norte da cidade. Mesmo assim, segundo o Instituto Nacional de Meteorologia, o Mirante de Santana acumulou 44 mil\u00edmetros. Praticamente toda a chuva caiu em uma hora, entre \u00e0s 2 e 3 horas da madrugada.<\/p>\n<p>As an\u00e1lises das condi\u00e7\u00f5es meteorol\u00f3gicas Climatempo para os pr\u00f3ximos dias continuam indicando o bloqueio da frente fria no litoral de S\u00e3o Paulo. Pelo menos at\u00e9 a segunda-feira, o tempo permanecer\u00e1 muito inst\u00e1vel, com chuvas frequentes na Grande S\u00e3o Paulo e tamb\u00e9m em \u00e1reas do interior e do litoral paulista. N\u00e3o h\u00e1 expectativa de um novo temporal para esta sexta-feira, mas a chuva vai voltar volumosa durante o s\u00e1bado.Nas v\u00e9speras do seu anivers\u00e1rio de 456 anos, a cidade de S\u00e3o Paulo quase que se transformou em uma grande ilha devido ao excesso de \u00e1gua nos rios e c\u00f3rregos que cortam a regi\u00e3o e em todos os mananciais que a abastecem. Os rios e reservat\u00f3rios est\u00e3o no limite, cheios de \u00e1gua e podem transbordar com menos chuva do que a observada na madrugada desta quinta-feira.<\/p>\n<p>Sobre o Grupo Climatempo<\/p>\n<p>O Grupo Climatempo \u00e9 a maior empresa privada de meteorologia do pa\u00eds. Fornece, atualmente, conte\u00fado para mais de 50 retransmissoras nacionais de televis\u00e3o, para r\u00e1dios de todo o Brasil e para os principais portais. Com cerca de 1.100 clientes, a empresa atua principalmente em dois segmentos: o de agroneg\u00f3cios e o de meios de comunica\u00e7\u00e3o. Oferece tamb\u00e9m conte\u00fado meteorol\u00f3gico estrat\u00e9gico para empresas de moda e varejo, energia el\u00e9trica, constru\u00e7\u00e3o civil, transporte e log\u00edstica, al\u00e9m de bancos, seguradoras e ind\u00fastrias farmac\u00eautica e de alimentos. O Grupo \u00e9 presidido pelo meteorologista Carlos Magno que, com mais de 23 anos de carreira, foi um dos primeiros comunicadores da profiss\u00e3o no Pa\u00eds.<\/p>\n","protected":false},"excerpt":{"rendered":"<p>Climatempo &#8211; O ver\u00e3o \u00e9 esta\u00e7\u00e3o das \u00e1guas e a \u00e9poca que mais chove na Grande S\u00e3o Paulo. Com o temporal da \u00faltima madrugada, v\u00e1rias \u00e1reas da cidade amanheceram alagadas e intransit\u00e1veis. O ver\u00e3o come\u00e7ou oficialmente em 21 de dezembro e terminar\u00e1 no dia 20 de mar\u00e7o. At\u00e9 l\u00e1, tem muita \u00e1gua para cair. A [&hellip;]<\/p>\n","protected":false},"author":3,"featured_media":19270,"comment_status":"open","ping_status":"open","sticky":false,"template":"","format":"standard","meta":{"tdm_status":"","tdm_grid_status":"","footnotes":""},"categories":[22,327],"tags":[],"class_list":{"0":"post-22211","1":"post","2":"type-post","3":"status-publish","4":"format-standard","5":"has-post-thumbnail","7":"category-brasil","8":"category-clima"},"_links":{"self":[{"href":"https:\/\/migracao.redenoticia.com.br\/noticia\/wp-json\/wp\/v2\/posts\/22211","targetHints":{"allow":["GET"]}}],"collection":[{"href":"https:\/\/migracao.redenoticia.com.br\/noticia\/wp-json\/wp\/v2\/posts"}],"about":[{"href":"https:\/\/migracao.redenoticia.com.br\/noticia\/wp-json\/wp\/v2\/types\/post"}],"author":[{"embeddable":true,"href":"https:\/\/migracao.redenoticia.com.br\/noticia\/wp-json\/wp\/v2\/users\/3"}],"replies":[{"embeddable":true,"href":"https:\/\/migracao.redenoticia.com.br\/noticia\/wp-json\/wp\/v2\/comments?post=22211"}],"version-history":[{"count":0,"href":"https:\/\/migracao.redenoticia.com.br\/noticia\/wp-json\/wp\/v2\/posts\/22211\/revisions"}],"wp:featuredmedia":[{"embeddable":true,"href":"https:\/\/migracao.redenoticia.com.br\/noticia\/wp-json\/wp\/v2\/media\/19270"}],"wp:attachment":[{"href":"https:\/\/migracao.redenoticia.com.br\/noticia\/wp-json\/wp\/v2\/media?parent=22211"}],"wp:term":[{"taxonomy":"category","embeddable":true,"href":"https:\/\/migracao.redenoticia.com.br\/noticia\/wp-json\/wp\/v2\/categories?post=22211"},{"taxonomy":"post_tag","embeddable":true,"href":"https:\/\/migracao.redenoticia.com.br\/noticia\/wp-json\/wp\/v2\/tags?post=22211"}],"curies":[{"name":"wp","href":"https:\/\/api.w.org\/{rel}","templated":true}]}}