{"id":222255,"date":"2022-07-25T13:17:32","date_gmt":"2022-07-25T16:17:32","guid":{"rendered":"https:\/\/www.redenoticia.com.br\/noticia\/?p=222255"},"modified":"2022-07-25T13:17:32","modified_gmt":"2022-07-25T16:17:32","slug":"resumo-cara-e-coragem-26-07-pat-se-emociona-com-o-resultado-do-exame-de-alfredo","status":"publish","type":"post","link":"https:\/\/migracao.redenoticia.com.br\/noticia\/2022\/resumo-cara-e-coragem-26-07-pat-se-emociona-com-o-resultado-do-exame-de-alfredo\/222255","title":{"rendered":"Resumo \u201cCara e Coragem\u201d 26\/07: Pat se emociona com o resultado do exame de Alfredo"},"content":{"rendered":"<p> <img loading=\"lazy\" decoding=\"async\" src=\"https:\/\/migracao.redenoticia.com.br\/noticia\/imagens\/cara-e-coragem.jpg\" alt=\"\" width=\"1280\" height=\"720\" class=\"aligncenter size-full wp-image-220184\" srcset=\"https:\/\/migracao.redenoticia.com.br\/noticia\/imagens\/cara-e-coragem.jpg 1280w, https:\/\/migracao.redenoticia.com.br\/noticia\/imagens\/cara-e-coragem-250x140.jpg 250w, https:\/\/migracao.redenoticia.com.br\/noticia\/imagens\/cara-e-coragem-400x225.jpg 400w, https:\/\/migracao.redenoticia.com.br\/noticia\/imagens\/cara-e-coragem-768x432.jpg 768w, https:\/\/migracao.redenoticia.com.br\/noticia\/imagens\/cara-e-coragem-150x84.jpg 150w\" sizes=\"auto, (max-width: 1280px) 100vw, 1280px\" \/><\/p>\n<p><strong><em>Resumo da novela \u201cCara e Coragem\u201d<\/em><\/strong> em 26\/07: no cap\u00edtulo 050(*) da novela, Anita repreende Jonathan por cham\u00e1-la com o nome de Clarice. Pat se emociona com o resultado do exame de Alfredo. Ele est\u00e1 curado e o tumor era benigno. Regina convence Rebeca a doar os brinquedos de Chiquinho para caridade e retira todos os objetos do quarto da crian\u00e7a.<\/p>\n<p>Pat questiona Moa sobre a conversa que ele teve com Alfredo no hospital, mas o dubl\u00ea disfar\u00e7a. Anita e Jonathan passam a noite juntos. J\u00e9ssica descobre que a antiga tatuagem de Anita era um tribal, o mesmo desenho que Clarice tinha no tornozelo. Pat, Moa e \u00cdtalo pensam em como convencer Leonardo a desistir da ideia de treinar na Coragem.com.<\/p>\n<p>Pat vai a uma reuni\u00e3o do grupo de mulheres e \u00cdtalo, Moa e Rico a observam pela c\u00e2mera que est\u00e1 no broche da dubl\u00ea. Pat descobre que o grupo de mulheres planeja se vingar de Gustavo e Rico fica assustado. Anita confirma a J\u00e9ssica que era ela quem estava no carro na noite em que Clarice morreu.<\/p>\n<p>(*) edi\u00e7\u00e3o das novelas da Globo, \u201cCara e Coragem\u201d, sujeito a altera\u00e7\u00e3o de data e conte\u00fado.<\/p>\n<p>Sinopse \u201cCara e Coragem\u201d: Os dubl\u00eas profissionais Pat e Moa ter\u00e3o seus caminhos tra\u00e7ados com o da empres\u00e1ria Clarice Gusm\u00e3o, diretora da Sider\u00fargica Gusm\u00e3o e inventora de uma f\u00f3rmula secreta milion\u00e1ria, que ser\u00e1 invejada por Leonardo, irm\u00e3o de Clarice, sua amante Regina, e Danilo, tamb\u00e9m empres\u00e1rio.<\/p>\n<p>Enquanto os dubl\u00eas se descobrir\u00e3o apaixonados um pelo outro, mesmo que eles n\u00e3o admitam, Clarice ter\u00e1 um caso com \u00cdtalo, um instrutor de parkur, al\u00e9m de outros segredos obscuros dentro da trama. Uma reviravolta em sua vida acontece ao descobrir a exist\u00eancia de Anita, uma s\u00f3sia sua, mas com uma personalidade totalmente oposta.<\/p>\n","protected":false},"excerpt":{"rendered":"<p>Resumo da novela \u201cCara e Coragem\u201d em 26\/07: no cap\u00edtulo 050(*) da novela, Anita repreende Jonathan por cham\u00e1-la com o nome de Clarice. Pat se emociona com o resultado do exame de Alfredo. Ele est\u00e1 curado e o tumor era benigno. Regina convence Rebeca a doar os brinquedos de Chiquinho para caridade e retira todos [&hellip;]<\/p>\n","protected":false},"author":2,"featured_media":220185,"comment_status":"closed","ping_status":"closed","sticky":false,"template":"","format":"standard","meta":{"tdm_status":"","tdm_grid_status":"","footnotes":""},"categories":[2281,379,375,2025,343],"tags":[441],"class_list":{"0":"post-222255","1":"post","2":"type-post","3":"status-publish","4":"format-standard","5":"has-post-thumbnail","7":"category-cara-e-coragem","8":"category-novelas","9":"category-rede-globo","10":"category-resumo","11":"category-televisao","12":"tag-resumo-do-dia"},"_links":{"self":[{"href":"https:\/\/migracao.redenoticia.com.br\/noticia\/wp-json\/wp\/v2\/posts\/222255","targetHints":{"allow":["GET"]}}],"collection":[{"href":"https:\/\/migracao.redenoticia.com.br\/noticia\/wp-json\/wp\/v2\/posts"}],"about":[{"href":"https:\/\/migracao.redenoticia.com.br\/noticia\/wp-json\/wp\/v2\/types\/post"}],"author":[{"embeddable":true,"href":"https:\/\/migracao.redenoticia.com.br\/noticia\/wp-json\/wp\/v2\/users\/2"}],"replies":[{"embeddable":true,"href":"https:\/\/migracao.redenoticia.com.br\/noticia\/wp-json\/wp\/v2\/comments?post=222255"}],"version-history":[{"count":0,"href":"https:\/\/migracao.redenoticia.com.br\/noticia\/wp-json\/wp\/v2\/posts\/222255\/revisions"}],"wp:featuredmedia":[{"embeddable":true,"href":"https:\/\/migracao.redenoticia.com.br\/noticia\/wp-json\/wp\/v2\/media\/220185"}],"wp:attachment":[{"href":"https:\/\/migracao.redenoticia.com.br\/noticia\/wp-json\/wp\/v2\/media?parent=222255"}],"wp:term":[{"taxonomy":"category","embeddable":true,"href":"https:\/\/migracao.redenoticia.com.br\/noticia\/wp-json\/wp\/v2\/categories?post=222255"},{"taxonomy":"post_tag","embeddable":true,"href":"https:\/\/migracao.redenoticia.com.br\/noticia\/wp-json\/wp\/v2\/tags?post=222255"}],"curies":[{"name":"wp","href":"https:\/\/api.w.org\/{rel}","templated":true}]}}