{"id":222300,"date":"2022-07-26T18:24:13","date_gmt":"2022-07-26T21:24:13","guid":{"rendered":"https:\/\/www.redenoticia.com.br\/noticia\/?p=222300"},"modified":"2022-07-26T18:24:13","modified_gmt":"2022-07-26T21:24:13","slug":"resumo-a-favorita-27-07-diva-revela-a-donatela-que-ira-sair-da-prisao","status":"publish","type":"post","link":"https:\/\/migracao.redenoticia.com.br\/noticia\/2022\/resumo-a-favorita-27-07-diva-revela-a-donatela-que-ira-sair-da-prisao\/222300","title":{"rendered":"Resumo &#8220;A Favorita&#8221; 27\/07: Diva revela a Donatela que ir\u00e1 sair da pris\u00e3o"},"content":{"rendered":"<p> <img loading=\"lazy\" decoding=\"async\" src=\"https:\/\/migracao.redenoticia.com.br\/noticia\/imagens\/afavorita2.jpg\" alt=\"\" width=\"1280\" height=\"720\" class=\"aligncenter size-full wp-image-219854\" srcset=\"https:\/\/migracao.redenoticia.com.br\/noticia\/imagens\/afavorita2.jpg 1280w, https:\/\/migracao.redenoticia.com.br\/noticia\/imagens\/afavorita2-250x140.jpg 250w, https:\/\/migracao.redenoticia.com.br\/noticia\/imagens\/afavorita2-400x225.jpg 400w, https:\/\/migracao.redenoticia.com.br\/noticia\/imagens\/afavorita2-768x432.jpg 768w, https:\/\/migracao.redenoticia.com.br\/noticia\/imagens\/afavorita2-150x84.jpg 150w\" sizes=\"auto, (max-width: 1280px) 100vw, 1280px\" \/><\/p>\n<p><em><strong>Resumo da novela &#8220;A Favorita&#8221;<\/strong><\/em> em 27\/07: no cap\u00edtulo 053(*) da novela, Lara se surpreende ao saber que Halley \u00e9 filho de Silveirinha e Cilene. Halley tenta convenc\u00ea-la de que aceitou o emprego por necessidade, mas acabou se apaixonando. Pedro marca um encontro com Gon\u00e7alo para mostrar as fotos contra Flora. Dodi segue Gon\u00e7alo. Irene faz uma visita surpresa a Flora. Zez\u00e9 promete se vingar de Donatela. Dodi encontra Gon\u00e7alo e o distrai para que seus capangas entrem na loja e pegue a m\u00e1quina de Pedro.<\/p>\n<p>Pedro tenta convencer Gon\u00e7alo de que os capangas de Dodi roubaram sua m\u00e1quina. Gon\u00e7alo acha que Pedro est\u00e1 doente e pede aos seus seguran\u00e7as para lev\u00e1-lo ao hospital. Flora despacha Irene. Dodi avisa Flora que est\u00e1 tudo bem, mas que Pedro teve que ir para o hospital. Flora pensa em uma forma de mant\u00ea-lo sedado. Zez\u00e9 conta a Donatela que Pedro se deu mal ao tentar ajud\u00e1-la. Gon\u00e7alo fica furioso ao saber que Lara e Halley estavam se envolvendo emocionalmente. Irene e Copola combinam uma forma de reaproximar Lara e Cassiano. Leonardo descobre que Mariana colocou um piercing e a obriga a tir\u00e1-lo.<\/p>\n<p>Halley pede permiss\u00e3o a Gon\u00e7alo para namorar Lara, mas ele o manda embora. Irene convida Lara para ir a uma feira de gado. Pedro fica desesperado ao ser ver cercado por Flora, Silveirinha e Dodi no hospital. Cassiano canta uma composi\u00e7\u00e3o sua na feira de gado. Lara se emociona e Irene afirma que n\u00e3o sabia de nada. Diva revela a Donatela que ir\u00e1 sair da pris\u00e3o em breve, mas que est\u00e1 organizando a fuga para ajud\u00e1-la. Flora consola Lara. <\/p>\n<p>(*) edi\u00e7\u00e3o das novelas da Globo, &#8220;A Favorita&#8221;, sujeito a altera\u00e7\u00e3o de data e conte\u00fado.<\/p>\n<p>Sinopse &#8220;A Favorita&#8221;: Donatela perdeu seus pais num acidente de carro e foi adotada pela fam\u00edlia de Flora, assim, as duas cresceram como irm\u00e3s. Elas sempre tiveram talento para o canto e chegaram a formar uma dupla sertaneja: Fa\u00edsca e Espoleta. As cantoras fizeram sucesso, mas sua carreira foi interrompida depois que conheceram os amigos Marcelo e Dodi. Donatela casou-se com Marcelo e Flora com Dodi, mas o casamento da primeira foi conturbado. O primeiro filho do casal desapareceu com seis meses de idade, e al\u00e9m disso, Flora teve um caso com o marido da melhor amiga, j\u00e1 separada de Dodi e dessa rela\u00e7\u00e3o nasceu Lara, o que a distanciou ainda mais de sua irm\u00e3 de cria\u00e7\u00e3o.<\/p>\n<p>No pior momento de disc\u00f3rdia entre as duas, Marcelo \u00e9 assassinado, e a culpa recai sobre Flora, que foi pega com a arma do crime, sendo sentenciada a dezoito anos de reclus\u00e3o, separando-se assim de sua filha, que \u00e9 adotada e criada por Donatela. Ao sair da pris\u00e3o, Flora quer provar sua inoc\u00eancia, com a ideia de que a verdadeira culpada foi sua ex-amiga. Donatela, por sua vez, faz de tudo para que Lara n\u00e3o se aproxime de sua m\u00e3e biol\u00f3gica, e a menina se torna o alvo da disputa entre as duas.<\/p>\n","protected":false},"excerpt":{"rendered":"<p>Resumo da novela &#8220;A Favorita&#8221; em 27\/07: no cap\u00edtulo 053(*) da novela, Lara se surpreende ao saber que Halley \u00e9 filho de Silveirinha e Cilene. Halley tenta convenc\u00ea-la de que aceitou o emprego por necessidade, mas acabou se apaixonando. Pedro marca um encontro com Gon\u00e7alo para mostrar as fotos contra Flora. Dodi segue Gon\u00e7alo. Irene [&hellip;]<\/p>\n","protected":false},"author":2,"featured_media":219850,"comment_status":"closed","ping_status":"closed","sticky":false,"template":"","format":"standard","meta":{"tdm_status":"","tdm_grid_status":"","footnotes":""},"categories":[2278,379,375,2025,343],"tags":[441],"class_list":{"0":"post-222300","1":"post","2":"type-post","3":"status-publish","4":"format-standard","5":"has-post-thumbnail","7":"category-a-favorita","8":"category-novelas","9":"category-rede-globo","10":"category-resumo","11":"category-televisao","12":"tag-resumo-do-dia"},"_links":{"self":[{"href":"https:\/\/migracao.redenoticia.com.br\/noticia\/wp-json\/wp\/v2\/posts\/222300","targetHints":{"allow":["GET"]}}],"collection":[{"href":"https:\/\/migracao.redenoticia.com.br\/noticia\/wp-json\/wp\/v2\/posts"}],"about":[{"href":"https:\/\/migracao.redenoticia.com.br\/noticia\/wp-json\/wp\/v2\/types\/post"}],"author":[{"embeddable":true,"href":"https:\/\/migracao.redenoticia.com.br\/noticia\/wp-json\/wp\/v2\/users\/2"}],"replies":[{"embeddable":true,"href":"https:\/\/migracao.redenoticia.com.br\/noticia\/wp-json\/wp\/v2\/comments?post=222300"}],"version-history":[{"count":0,"href":"https:\/\/migracao.redenoticia.com.br\/noticia\/wp-json\/wp\/v2\/posts\/222300\/revisions"}],"wp:featuredmedia":[{"embeddable":true,"href":"https:\/\/migracao.redenoticia.com.br\/noticia\/wp-json\/wp\/v2\/media\/219850"}],"wp:attachment":[{"href":"https:\/\/migracao.redenoticia.com.br\/noticia\/wp-json\/wp\/v2\/media?parent=222300"}],"wp:term":[{"taxonomy":"category","embeddable":true,"href":"https:\/\/migracao.redenoticia.com.br\/noticia\/wp-json\/wp\/v2\/categories?post=222300"},{"taxonomy":"post_tag","embeddable":true,"href":"https:\/\/migracao.redenoticia.com.br\/noticia\/wp-json\/wp\/v2\/tags?post=222300"}],"curies":[{"name":"wp","href":"https:\/\/api.w.org\/{rel}","templated":true}]}}