{"id":222304,"date":"2022-07-26T18:28:17","date_gmt":"2022-07-26T21:28:17","guid":{"rendered":"https:\/\/www.redenoticia.com.br\/noticia\/?p=222304"},"modified":"2022-07-26T18:28:17","modified_gmt":"2022-07-26T21:28:17","slug":"resumo-cara-e-coragem-27-07-moa-e-italo-socorrem-andrea-e-pat","status":"publish","type":"post","link":"https:\/\/migracao.redenoticia.com.br\/noticia\/2022\/resumo-cara-e-coragem-27-07-moa-e-italo-socorrem-andrea-e-pat\/222304","title":{"rendered":"Resumo \u201cCara e Coragem\u201d 27\/07: Moa e \u00cdtalo socorrem Andr\u00e9a e Pat"},"content":{"rendered":"<p> <img loading=\"lazy\" decoding=\"async\" src=\"https:\/\/migracao.redenoticia.com.br\/noticia\/imagens\/cara-e-coragem.jpg\" alt=\"\" width=\"1280\" height=\"720\" class=\"aligncenter size-full wp-image-220184\" srcset=\"https:\/\/migracao.redenoticia.com.br\/noticia\/imagens\/cara-e-coragem.jpg 1280w, https:\/\/migracao.redenoticia.com.br\/noticia\/imagens\/cara-e-coragem-250x140.jpg 250w, https:\/\/migracao.redenoticia.com.br\/noticia\/imagens\/cara-e-coragem-400x225.jpg 400w, https:\/\/migracao.redenoticia.com.br\/noticia\/imagens\/cara-e-coragem-768x432.jpg 768w, https:\/\/migracao.redenoticia.com.br\/noticia\/imagens\/cara-e-coragem-150x84.jpg 150w\" sizes=\"auto, (max-width: 1280px) 100vw, 1280px\" \/><\/p>\n<p><strong><em>Resumo da novela \u201cCara e Coragem\u201d<\/em><\/strong> em 27\/07: no cap\u00edtulo 051(*) da novela, Anita conta para J\u00e9ssica que conhecia Clarice. Pat discute com as mulheres do grupo e tenta defender Gustavo. Rico pede que Pat n\u00e3o impe\u00e7a a manifesta\u00e7\u00e3o das mulheres contra seu pai prevista para o dia da abertura da exposi\u00e7\u00e3o de Teca. Rosa e as demais mulheres do grupo se mobilizam na porta da galeria de arte. Alfredo tem alta do hospital e questiona Joca sobre a aus\u00eancia de Pat.<\/p>\n<p>Rebeca se emociona ao ver Danilo se divertir com Chiquinho. Martha ouve Leonardo discutir com Regina por causa do noivado e cobra explica\u00e7\u00f5es do filho. A manifesta\u00e7\u00e3o foge do controle, e Pat ajuda Andr\u00e9a a fugir das pessoas que reconhecem a atriz. Gustavo e Teca v\u00e3o embora da galeria sob vaias e protestos, e Rico garante a Rosa que ir\u00e1 ajud\u00e1-la. Moa e \u00cdtalo socorrem Andr\u00e9a e Pat. A dubl\u00ea confessa que eles estavam monitorando as reuni\u00f5es desde o primeiro dia.<\/p>\n<p>(*) edi\u00e7\u00e3o das novelas da Globo, \u201cCara e Coragem\u201d, sujeito a altera\u00e7\u00e3o de data e conte\u00fado.<\/p>\n<p>Sinopse \u201cCara e Coragem\u201d: Os dubl\u00eas profissionais Pat e Moa ter\u00e3o seus caminhos tra\u00e7ados com o da empres\u00e1ria Clarice Gusm\u00e3o, diretora da Sider\u00fargica Gusm\u00e3o e inventora de uma f\u00f3rmula secreta milion\u00e1ria, que ser\u00e1 invejada por Leonardo, irm\u00e3o de Clarice, sua amante Regina, e Danilo, tamb\u00e9m empres\u00e1rio.<\/p>\n<p>Enquanto os dubl\u00eas se descobrir\u00e3o apaixonados um pelo outro, mesmo que eles n\u00e3o admitam, Clarice ter\u00e1 um caso com \u00cdtalo, um instrutor de parkur, al\u00e9m de outros segredos obscuros dentro da trama. Uma reviravolta em sua vida acontece ao descobrir a exist\u00eancia de Anita, uma s\u00f3sia sua, mas com uma personalidade totalmente oposta.<\/p>\n","protected":false},"excerpt":{"rendered":"<p>Resumo da novela \u201cCara e Coragem\u201d em 27\/07: no cap\u00edtulo 051(*) da novela, Anita conta para J\u00e9ssica que conhecia Clarice. Pat discute com as mulheres do grupo e tenta defender Gustavo. Rico pede que Pat n\u00e3o impe\u00e7a a manifesta\u00e7\u00e3o das mulheres contra seu pai prevista para o dia da abertura da exposi\u00e7\u00e3o de Teca. Rosa [&hellip;]<\/p>\n","protected":false},"author":2,"featured_media":220185,"comment_status":"closed","ping_status":"closed","sticky":false,"template":"","format":"standard","meta":{"tdm_status":"","tdm_grid_status":"","footnotes":""},"categories":[2281,379,375,2025,343],"tags":[441],"class_list":{"0":"post-222304","1":"post","2":"type-post","3":"status-publish","4":"format-standard","5":"has-post-thumbnail","7":"category-cara-e-coragem","8":"category-novelas","9":"category-rede-globo","10":"category-resumo","11":"category-televisao","12":"tag-resumo-do-dia"},"_links":{"self":[{"href":"https:\/\/migracao.redenoticia.com.br\/noticia\/wp-json\/wp\/v2\/posts\/222304","targetHints":{"allow":["GET"]}}],"collection":[{"href":"https:\/\/migracao.redenoticia.com.br\/noticia\/wp-json\/wp\/v2\/posts"}],"about":[{"href":"https:\/\/migracao.redenoticia.com.br\/noticia\/wp-json\/wp\/v2\/types\/post"}],"author":[{"embeddable":true,"href":"https:\/\/migracao.redenoticia.com.br\/noticia\/wp-json\/wp\/v2\/users\/2"}],"replies":[{"embeddable":true,"href":"https:\/\/migracao.redenoticia.com.br\/noticia\/wp-json\/wp\/v2\/comments?post=222304"}],"version-history":[{"count":0,"href":"https:\/\/migracao.redenoticia.com.br\/noticia\/wp-json\/wp\/v2\/posts\/222304\/revisions"}],"wp:featuredmedia":[{"embeddable":true,"href":"https:\/\/migracao.redenoticia.com.br\/noticia\/wp-json\/wp\/v2\/media\/220185"}],"wp:attachment":[{"href":"https:\/\/migracao.redenoticia.com.br\/noticia\/wp-json\/wp\/v2\/media?parent=222304"}],"wp:term":[{"taxonomy":"category","embeddable":true,"href":"https:\/\/migracao.redenoticia.com.br\/noticia\/wp-json\/wp\/v2\/categories?post=222304"},{"taxonomy":"post_tag","embeddable":true,"href":"https:\/\/migracao.redenoticia.com.br\/noticia\/wp-json\/wp\/v2\/tags?post=222304"}],"curies":[{"name":"wp","href":"https:\/\/api.w.org\/{rel}","templated":true}]}}