{"id":222535,"date":"2022-08-02T14:01:56","date_gmt":"2022-08-02T17:01:56","guid":{"rendered":"https:\/\/www.redenoticia.com.br\/noticia\/?p=222535"},"modified":"2022-08-02T14:01:56","modified_gmt":"2022-08-02T17:01:56","slug":"resumo-a-favorita-03-08-leonardo-descobre-que-mariana-esta-gravida","status":"publish","type":"post","link":"https:\/\/migracao.redenoticia.com.br\/noticia\/2022\/resumo-a-favorita-03-08-leonardo-descobre-que-mariana-esta-gravida\/222535","title":{"rendered":"Resumo &#8220;A Favorita&#8221; 03\/08: Leonardo descobre que Mariana est\u00e1 gr\u00e1vida"},"content":{"rendered":"<p> <img loading=\"lazy\" decoding=\"async\" src=\"https:\/\/migracao.redenoticia.com.br\/noticia\/imagens\/afavorita2.jpg\" alt=\"\" width=\"1280\" height=\"720\" class=\"aligncenter size-full wp-image-219854\" srcset=\"https:\/\/migracao.redenoticia.com.br\/noticia\/imagens\/afavorita2.jpg 1280w, https:\/\/migracao.redenoticia.com.br\/noticia\/imagens\/afavorita2-250x140.jpg 250w, https:\/\/migracao.redenoticia.com.br\/noticia\/imagens\/afavorita2-400x225.jpg 400w, https:\/\/migracao.redenoticia.com.br\/noticia\/imagens\/afavorita2-768x432.jpg 768w, https:\/\/migracao.redenoticia.com.br\/noticia\/imagens\/afavorita2-150x84.jpg 150w\" sizes=\"auto, (max-width: 1280px) 100vw, 1280px\" \/><\/p>\n<p><em><strong>Resumo da novela &#8220;A Favorita&#8221;<\/strong><\/em> em 03\/08: no cap\u00edtulo 058(*) da novela, Diva avisa a Donatela que mandar\u00e1 cartas para Elias, Shiva e Augusto. Shiva convence Augusto a cantar na televis\u00e3o em homenagem a Ma\u00edra. Mariana se recusa a contar para Catarina quem \u00e9 o pai da crian\u00e7a e garante que vai se virar sozinha. Catarina diz que estar\u00e1 ao lado de Mariana em todos os momentos. Flora garante que n\u00e3o vai se esquecer de Silveirinha. Silveirinha reclama por ter que abrigar Dodi. Halley pula o muro do rancho e invade a casa para surpresa de Lara, Gon\u00e7alo e Irene. Halley se ajoelha e declara o seu amor para Lara.<\/p>\n<p>Halley presenteia Lara com uma foto deles dois. Lara exige que Gon\u00e7alo n\u00e3o fa\u00e7a nada contra Halley. Irene afirma que o melhor para Lara \u00e9 Cassiano, mas Gon\u00e7alo responde que prefere Halley. Copola avisa a Cassiano que ele foi selecionado para se apresentar na TV. C\u00e9u se muda para a casa de Orlandinho. Cilene diz a Halley que arranjou um emprego para ele como carregador em uma empresa de mudan\u00e7as. Flora se despede de Z\u00e9 Bob. Cassiano vai ao aeroporto se despedir de Lara e ela se emociona. Augusto come\u00e7a a cantar, mas abandona o palco antes do fim da m\u00fasica. Cassiano faz sucesso no programa.<\/p>\n<p>Leonardo desconfia e Mariana confirma que est\u00e1 gr\u00e1vida. Catarina enfrenta Leonardo quando ele resolve expulsar Mariana de casa. Leonardo afirma que n\u00e3o tem mais filha. Dois meses se passam. Lorena vibra ao ouvir Cassiano no r\u00e1dio. Irene, Flora e Lara voltam. Gon\u00e7alo se impressiona com o visual sofisticado de Flora. <\/p>\n<p>(*) edi\u00e7\u00e3o das novelas da Globo, &#8220;A Favorita&#8221;, sujeito a altera\u00e7\u00e3o de data e conte\u00fado.<\/p>\n<p>Sinopse &#8220;A Favorita&#8221;: Donatela perdeu seus pais num acidente de carro e foi adotada pela fam\u00edlia de Flora, assim, as duas cresceram como irm\u00e3s. Elas sempre tiveram talento para o canto e chegaram a formar uma dupla sertaneja: Fa\u00edsca e Espoleta. As cantoras fizeram sucesso, mas sua carreira foi interrompida depois que conheceram os amigos Marcelo e Dodi. Donatela casou-se com Marcelo e Flora com Dodi, mas o casamento da primeira foi conturbado. O primeiro filho do casal desapareceu com seis meses de idade, e al\u00e9m disso, Flora teve um caso com o marido da melhor amiga, j\u00e1 separada de Dodi e dessa rela\u00e7\u00e3o nasceu Lara, o que a distanciou ainda mais de sua irm\u00e3 de cria\u00e7\u00e3o.<\/p>\n<p>No pior momento de disc\u00f3rdia entre as duas, Marcelo \u00e9 assassinado, e a culpa recai sobre Flora, que foi pega com a arma do crime, sendo sentenciada a dezoito anos de reclus\u00e3o, separando-se assim de sua filha, que \u00e9 adotada e criada por Donatela. Ao sair da pris\u00e3o, Flora quer provar sua inoc\u00eancia, com a ideia de que a verdadeira culpada foi sua ex-amiga. Donatela, por sua vez, faz de tudo para que Lara n\u00e3o se aproxime de sua m\u00e3e biol\u00f3gica, e a menina se torna o alvo da disputa entre as duas.<\/p>\n","protected":false},"excerpt":{"rendered":"<p>Resumo da novela &#8220;A Favorita&#8221; em 03\/08: no cap\u00edtulo 058(*) da novela, Diva avisa a Donatela que mandar\u00e1 cartas para Elias, Shiva e Augusto. Shiva convence Augusto a cantar na televis\u00e3o em homenagem a Ma\u00edra. Mariana se recusa a contar para Catarina quem \u00e9 o pai da crian\u00e7a e garante que vai se virar sozinha. [&hellip;]<\/p>\n","protected":false},"author":2,"featured_media":219850,"comment_status":"closed","ping_status":"closed","sticky":false,"template":"","format":"standard","meta":{"tdm_status":"","tdm_grid_status":"","footnotes":""},"categories":[2278,379,375,2025,343],"tags":[441],"class_list":{"0":"post-222535","1":"post","2":"type-post","3":"status-publish","4":"format-standard","5":"has-post-thumbnail","7":"category-a-favorita","8":"category-novelas","9":"category-rede-globo","10":"category-resumo","11":"category-televisao","12":"tag-resumo-do-dia"},"_links":{"self":[{"href":"https:\/\/migracao.redenoticia.com.br\/noticia\/wp-json\/wp\/v2\/posts\/222535","targetHints":{"allow":["GET"]}}],"collection":[{"href":"https:\/\/migracao.redenoticia.com.br\/noticia\/wp-json\/wp\/v2\/posts"}],"about":[{"href":"https:\/\/migracao.redenoticia.com.br\/noticia\/wp-json\/wp\/v2\/types\/post"}],"author":[{"embeddable":true,"href":"https:\/\/migracao.redenoticia.com.br\/noticia\/wp-json\/wp\/v2\/users\/2"}],"replies":[{"embeddable":true,"href":"https:\/\/migracao.redenoticia.com.br\/noticia\/wp-json\/wp\/v2\/comments?post=222535"}],"version-history":[{"count":0,"href":"https:\/\/migracao.redenoticia.com.br\/noticia\/wp-json\/wp\/v2\/posts\/222535\/revisions"}],"wp:featuredmedia":[{"embeddable":true,"href":"https:\/\/migracao.redenoticia.com.br\/noticia\/wp-json\/wp\/v2\/media\/219850"}],"wp:attachment":[{"href":"https:\/\/migracao.redenoticia.com.br\/noticia\/wp-json\/wp\/v2\/media?parent=222535"}],"wp:term":[{"taxonomy":"category","embeddable":true,"href":"https:\/\/migracao.redenoticia.com.br\/noticia\/wp-json\/wp\/v2\/categories?post=222535"},{"taxonomy":"post_tag","embeddable":true,"href":"https:\/\/migracao.redenoticia.com.br\/noticia\/wp-json\/wp\/v2\/tags?post=222535"}],"curies":[{"name":"wp","href":"https:\/\/api.w.org\/{rel}","templated":true}]}}