{"id":222539,"date":"2022-08-02T14:04:21","date_gmt":"2022-08-02T17:04:21","guid":{"rendered":"https:\/\/www.redenoticia.com.br\/noticia\/?p=222539"},"modified":"2022-08-02T14:04:21","modified_gmt":"2022-08-02T17:04:21","slug":"resumo-cara-e-coragem-03-08-alfredo-flagra-pat-com-a-foto-de-moa-nas-maos","status":"publish","type":"post","link":"https:\/\/migracao.redenoticia.com.br\/noticia\/2022\/resumo-cara-e-coragem-03-08-alfredo-flagra-pat-com-a-foto-de-moa-nas-maos\/222539","title":{"rendered":"Resumo \u201cCara e Coragem\u201d 03\/08: Alfredo flagra Pat com a foto de Moa nas m\u00e3os"},"content":{"rendered":"<p> <img loading=\"lazy\" decoding=\"async\" src=\"https:\/\/migracao.redenoticia.com.br\/noticia\/imagens\/cara-e-coragem.jpg\" alt=\"\" width=\"1280\" height=\"720\" class=\"aligncenter size-full wp-image-220184\" srcset=\"https:\/\/migracao.redenoticia.com.br\/noticia\/imagens\/cara-e-coragem.jpg 1280w, https:\/\/migracao.redenoticia.com.br\/noticia\/imagens\/cara-e-coragem-250x140.jpg 250w, https:\/\/migracao.redenoticia.com.br\/noticia\/imagens\/cara-e-coragem-400x225.jpg 400w, https:\/\/migracao.redenoticia.com.br\/noticia\/imagens\/cara-e-coragem-768x432.jpg 768w, https:\/\/migracao.redenoticia.com.br\/noticia\/imagens\/cara-e-coragem-150x84.jpg 150w\" sizes=\"auto, (max-width: 1280px) 100vw, 1280px\" \/><\/p>\n<p><strong><em>Resumo da novela \u201cCara e Coragem\u201d<\/em><\/strong> em 03\/08: no cap\u00edtulo 057(*) da novela, Pat se despede de Alfredo e vai embora com Moa. Anita e J\u00e9ssica limpam as digitais do carro de Dalva. A delegada Marcela informa a Martha sobre a reabertura do caso de Clarice. O investigador Paulo tenta falar com Dagmar. Anita afirma a J\u00e9ssica que n\u00e3o contar\u00e1 o que aconteceu na noite em que Clarice morreu. Joca se une a Ol\u00edvia para afastar Lou da Coragem.com.<\/p>\n<p>Anita inventa para Dalva uma mentira para justificar o sumi\u00e7o do carro. Teca v\u00ea Bob e J\u00e9ssica juntos e pensa que os dois s\u00e3o um casal. Rebeca afirma que Pat est\u00e1 apaixonada por Moa. Rico encontra Lou na Coragem.com e se surpreende ao ver que ela tamb\u00e9m dormir\u00e1 no galp\u00e3o. Moa conversa com Andr\u00e9a. Alfredo flagra Pat com a foto de Moa nas m\u00e3os.<\/p>\n<p>(*) edi\u00e7\u00e3o das novelas da Globo, \u201cCara e Coragem\u201d, sujeito a altera\u00e7\u00e3o de data e conte\u00fado.<\/p>\n<p>Sinopse \u201cCara e Coragem\u201d: Os dubl\u00eas profissionais Pat e Moa ter\u00e3o seus caminhos tra\u00e7ados com o da empres\u00e1ria Clarice Gusm\u00e3o, diretora da Sider\u00fargica Gusm\u00e3o e inventora de uma f\u00f3rmula secreta milion\u00e1ria, que ser\u00e1 invejada por Leonardo, irm\u00e3o de Clarice, sua amante Regina, e Danilo, tamb\u00e9m empres\u00e1rio.<\/p>\n<p>Enquanto os dubl\u00eas se descobrir\u00e3o apaixonados um pelo outro, mesmo que eles n\u00e3o admitam, Clarice ter\u00e1 um caso com \u00cdtalo, um instrutor de parkur, al\u00e9m de outros segredos obscuros dentro da trama. Uma reviravolta em sua vida acontece ao descobrir a exist\u00eancia de Anita, uma s\u00f3sia sua, mas com uma personalidade totalmente oposta.<\/p>\n","protected":false},"excerpt":{"rendered":"<p>Resumo da novela \u201cCara e Coragem\u201d em 03\/08: no cap\u00edtulo 057(*) da novela, Pat se despede de Alfredo e vai embora com Moa. Anita e J\u00e9ssica limpam as digitais do carro de Dalva. A delegada Marcela informa a Martha sobre a reabertura do caso de Clarice. O investigador Paulo tenta falar com Dagmar. Anita afirma [&hellip;]<\/p>\n","protected":false},"author":2,"featured_media":220185,"comment_status":"closed","ping_status":"closed","sticky":false,"template":"","format":"standard","meta":{"tdm_status":"","tdm_grid_status":"","footnotes":""},"categories":[2281,379,375,2025,343],"tags":[441],"class_list":{"0":"post-222539","1":"post","2":"type-post","3":"status-publish","4":"format-standard","5":"has-post-thumbnail","7":"category-cara-e-coragem","8":"category-novelas","9":"category-rede-globo","10":"category-resumo","11":"category-televisao","12":"tag-resumo-do-dia"},"_links":{"self":[{"href":"https:\/\/migracao.redenoticia.com.br\/noticia\/wp-json\/wp\/v2\/posts\/222539","targetHints":{"allow":["GET"]}}],"collection":[{"href":"https:\/\/migracao.redenoticia.com.br\/noticia\/wp-json\/wp\/v2\/posts"}],"about":[{"href":"https:\/\/migracao.redenoticia.com.br\/noticia\/wp-json\/wp\/v2\/types\/post"}],"author":[{"embeddable":true,"href":"https:\/\/migracao.redenoticia.com.br\/noticia\/wp-json\/wp\/v2\/users\/2"}],"replies":[{"embeddable":true,"href":"https:\/\/migracao.redenoticia.com.br\/noticia\/wp-json\/wp\/v2\/comments?post=222539"}],"version-history":[{"count":0,"href":"https:\/\/migracao.redenoticia.com.br\/noticia\/wp-json\/wp\/v2\/posts\/222539\/revisions"}],"wp:featuredmedia":[{"embeddable":true,"href":"https:\/\/migracao.redenoticia.com.br\/noticia\/wp-json\/wp\/v2\/media\/220185"}],"wp:attachment":[{"href":"https:\/\/migracao.redenoticia.com.br\/noticia\/wp-json\/wp\/v2\/media?parent=222539"}],"wp:term":[{"taxonomy":"category","embeddable":true,"href":"https:\/\/migracao.redenoticia.com.br\/noticia\/wp-json\/wp\/v2\/categories?post=222539"},{"taxonomy":"post_tag","embeddable":true,"href":"https:\/\/migracao.redenoticia.com.br\/noticia\/wp-json\/wp\/v2\/tags?post=222539"}],"curies":[{"name":"wp","href":"https:\/\/api.w.org\/{rel}","templated":true}]}}