{"id":222606,"date":"2022-08-04T17:51:56","date_gmt":"2022-08-04T20:51:56","guid":{"rendered":"https:\/\/www.redenoticia.com.br\/noticia\/?p=222606"},"modified":"2022-08-04T17:51:56","modified_gmt":"2022-08-04T20:51:56","slug":"resumo-pantanal-05-08-juma-sente-a-forma-distante-como-jove-a-trata","status":"publish","type":"post","link":"https:\/\/migracao.redenoticia.com.br\/noticia\/2022\/resumo-pantanal-05-08-juma-sente-a-forma-distante-como-jove-a-trata\/222606","title":{"rendered":"Resumo \u201cPantanal\u201d 05\/08: Juma sente a forma distante como Jove a trata"},"content":{"rendered":"<p> <img loading=\"lazy\" decoding=\"async\" class=\"aligncenter size-full wp-image-217356\" src=\"https:\/\/migracao.redenoticia.com.br\/noticia\/imagens\/pantanal_rei_do_gado_2022.jpg\" alt=\"\" width=\"1280\" height=\"720\" srcset=\"https:\/\/migracao.redenoticia.com.br\/noticia\/imagens\/pantanal_rei_do_gado_2022.jpg 1280w, https:\/\/migracao.redenoticia.com.br\/noticia\/imagens\/pantanal_rei_do_gado_2022-250x140.jpg 250w, https:\/\/migracao.redenoticia.com.br\/noticia\/imagens\/pantanal_rei_do_gado_2022-400x225.jpg 400w, https:\/\/migracao.redenoticia.com.br\/noticia\/imagens\/pantanal_rei_do_gado_2022-768x432.jpg 768w, https:\/\/migracao.redenoticia.com.br\/noticia\/imagens\/pantanal_rei_do_gado_2022-150x84.jpg 150w\" sizes=\"auto, (max-width: 1280px) 100vw, 1280px\" \/><\/p>\n<p><strong><em>Resumo da novela \u201cPantanal\u201d<\/em><\/strong> em 05\/08: no cap\u00edtulo 112(*) da novela, Jos\u00e9 Le\u00f4ncio manda Jove buscar Jos\u00e9 Lucas. Zefa fica perplexa ao ver Maria Bruaca na chalana. Jos\u00e9 Le\u00f4ncio descobre que \u00c9rica est\u00e1 gr\u00e1vida de Jos\u00e9 Lucas. Ibraim pede a Jos\u00e9 Le\u00f4ncio para convencer \u00c9rica a interromper a gravidez. Juma sente a forma distante como Jove a trata.<\/p>\n<p>Ibraim pensa em tirar proveito pol\u00edtico do casamento de \u00c9rica com Jos\u00e9 Lucas. Jove demonstra a Irma arrependimento por ter tratado Juma com frieza. Jos\u00e9 Lucas garante a Jove que Juma gosta do irm\u00e3o. Jos\u00e9 Le\u00f4ncio comenta com Fil\u00f3 sobre sua preocupa\u00e7\u00e3o com Jos\u00e9 Lucas.<\/p>\n<p>(*) edi\u00e7\u00e3o das novelas da Globo, \u201cPantanal\u201d, sujeito a altera\u00e7\u00e3o de data e conte\u00fado.<\/p>\n<p>Sinopse \u201cPantanal\u201d: O tronco central acompanha o velho Joventino (Irandhir Santos) e seu filho, Jos\u00e9 Le\u00f4ncio (Renato G\u00f3es\/Marcos Palmeira). Confiando no conceito de que &#8220;a natureza pode mais que o homem&#8221;, Joventino acaba se tornando o maior pe\u00e3o do Pantanal e ficou famoso por trazer os bois selvagens, os ditos marru\u00e1s, no feiti\u00e7o. Por\u00e9m, foi logo ap\u00f3s essa compreens\u00e3o que Joventino desapareceu, sem deixar rastros, e abandonou o filho. <\/p>\n","protected":false},"excerpt":{"rendered":"<p>Resumo da novela \u201cPantanal\u201d em 05\/08: no cap\u00edtulo 112(*) da novela, Jos\u00e9 Le\u00f4ncio manda Jove buscar Jos\u00e9 Lucas. Zefa fica perplexa ao ver Maria Bruaca na chalana. Jos\u00e9 Le\u00f4ncio descobre que \u00c9rica est\u00e1 gr\u00e1vida de Jos\u00e9 Lucas. Ibraim pede a Jos\u00e9 Le\u00f4ncio para convencer \u00c9rica a interromper a gravidez. Juma sente a forma distante como [&hellip;]<\/p>\n","protected":false},"author":2,"featured_media":217355,"comment_status":"closed","ping_status":"closed","sticky":false,"template":"","format":"standard","meta":{"tdm_status":"","tdm_grid_status":"","footnotes":""},"categories":[379,2260,375,2025,343],"tags":[441],"class_list":{"0":"post-222606","1":"post","2":"type-post","3":"status-publish","4":"format-standard","5":"has-post-thumbnail","7":"category-novelas","8":"category-pantanal","9":"category-rede-globo","10":"category-resumo","11":"category-televisao","12":"tag-resumo-do-dia"},"_links":{"self":[{"href":"https:\/\/migracao.redenoticia.com.br\/noticia\/wp-json\/wp\/v2\/posts\/222606","targetHints":{"allow":["GET"]}}],"collection":[{"href":"https:\/\/migracao.redenoticia.com.br\/noticia\/wp-json\/wp\/v2\/posts"}],"about":[{"href":"https:\/\/migracao.redenoticia.com.br\/noticia\/wp-json\/wp\/v2\/types\/post"}],"author":[{"embeddable":true,"href":"https:\/\/migracao.redenoticia.com.br\/noticia\/wp-json\/wp\/v2\/users\/2"}],"replies":[{"embeddable":true,"href":"https:\/\/migracao.redenoticia.com.br\/noticia\/wp-json\/wp\/v2\/comments?post=222606"}],"version-history":[{"count":0,"href":"https:\/\/migracao.redenoticia.com.br\/noticia\/wp-json\/wp\/v2\/posts\/222606\/revisions"}],"wp:featuredmedia":[{"embeddable":true,"href":"https:\/\/migracao.redenoticia.com.br\/noticia\/wp-json\/wp\/v2\/media\/217355"}],"wp:attachment":[{"href":"https:\/\/migracao.redenoticia.com.br\/noticia\/wp-json\/wp\/v2\/media?parent=222606"}],"wp:term":[{"taxonomy":"category","embeddable":true,"href":"https:\/\/migracao.redenoticia.com.br\/noticia\/wp-json\/wp\/v2\/categories?post=222606"},{"taxonomy":"post_tag","embeddable":true,"href":"https:\/\/migracao.redenoticia.com.br\/noticia\/wp-json\/wp\/v2\/tags?post=222606"}],"curies":[{"name":"wp","href":"https:\/\/api.w.org\/{rel}","templated":true}]}}