{"id":222607,"date":"2022-08-04T17:34:44","date_gmt":"2022-08-04T20:34:44","guid":{"rendered":"https:\/\/www.redenoticia.com.br\/noticia\/?p=222607"},"modified":"2022-08-04T17:34:44","modified_gmt":"2022-08-04T20:34:44","slug":"resumo-cuidado-com-o-anjo-05-08-leopardo-decide-fazer-o-parto-de-malu","status":"publish","type":"post","link":"https:\/\/migracao.redenoticia.com.br\/noticia\/2022\/resumo-cuidado-com-o-anjo-05-08-leopardo-decide-fazer-o-parto-de-malu\/222607","title":{"rendered":"Resumo &#8220;Cuidado com o Anjo&#8221; 05\/08: Leopardo decide fazer o parto de Mal\u00fa"},"content":{"rendered":"<p> <img loading=\"lazy\" decoding=\"async\" class=\"aligncenter size-full wp-image-220665\" src=\"https:\/\/migracao.redenoticia.com.br\/noticia\/imagens\/cuidado-com-anjo-levi-maite.jpg\" alt=\"\" width=\"1280\" height=\"720\" srcset=\"https:\/\/migracao.redenoticia.com.br\/noticia\/imagens\/cuidado-com-anjo-levi-maite.jpg 1280w, https:\/\/migracao.redenoticia.com.br\/noticia\/imagens\/cuidado-com-anjo-levi-maite-250x140.jpg 250w, https:\/\/migracao.redenoticia.com.br\/noticia\/imagens\/cuidado-com-anjo-levi-maite-400x225.jpg 400w, https:\/\/migracao.redenoticia.com.br\/noticia\/imagens\/cuidado-com-anjo-levi-maite-768x432.jpg 768w, https:\/\/migracao.redenoticia.com.br\/noticia\/imagens\/cuidado-com-anjo-levi-maite-150x84.jpg 150w\" sizes=\"auto, (max-width: 1280px) 100vw, 1280px\" \/><\/p>\n<p><em><strong>Resumo da novela &#8220;Cuidado com o Anjo&#8221;<\/strong><\/em> em 05\/08: no cap\u00edtulo 045(*) da novela, Jo\u00e3o Miguel confessa a padre Anselmo que Mal\u00fa \u00e9 o grande amor de sua vida, diz que nunca poder\u00e1 esquec\u00ea-la, mas que ter\u00e1 que ficar com Viviana, pois ela est\u00e1 esperando um filho seu. Micaela pergunta a Leopardo se ter\u00e1 coragem de deixar Mal\u00fa e seu filho morrerem. <\/p>\n<p>Branca conta para Tininha que sua m\u00e3e vai lhe dar um irm\u00e3ozinho. Cec\u00edlia se desaponta com Jo\u00e3o Miguel ao saber que ele engravidou a esposa apesar do amor que diz sentir por Mal\u00fa. Padre Anselmo liga para a fazenda, fica sabendo que Mal\u00fa est\u00e1 em trabalho de parto e conta para Candel\u00e1ria que Viviana espera um filho de Jo\u00e3o Miguel.<\/p>\n<p>Viviana se prepara para ir ao consult\u00f3rio de Eduardo quando sofre um desmaio. Mal\u00fa sente uma forte dor. Assim como Cec\u00edlia, Candel\u00e1ria v\u00ea a gravidez de Viviana como uma trai\u00e7\u00e3o de Jo\u00e3o Miguel. Leopardo decide fazer o parto e pede ajuda a Candel\u00e1ria e Micaela. Patr\u00edcio e Cec\u00edlia comentam que Viviana n\u00e3o merece o que tem por ter se passado por morta. Jo\u00e3o Miguel diz a Viviana que n\u00e3o a odeia. Branca se queixa com Jo\u00e3o Miguel dos maus tratos de Viviana e se assusta quando ele lhe oferece ajuda psiqui\u00e1trica por perceber que \u00e9 uma pessoa insegura.<\/p>\n<p>Cec\u00edlia acorda assustada depois de sonhar que sua filha morreu no parto. Viviana e Jo\u00e3o Miguel discutem por causa de Mal\u00fa. Ivete convida Jo\u00e3o Miguel para ir at\u00e9 seu apartamento. Viviana volta a revistar o quarto de Branca. Jo\u00e3o Miguel diz a Ivete que n\u00e3o pode am\u00e1-la e ela entra em transe. Amador telefona para a fazenda para saber de Mal\u00fa. Candel\u00e1ria mente e diz a ele que ainda n\u00e3o h\u00e1 data para o nascimento do beb\u00ea. Branca foge quando Jo\u00e3o Miguel confronta sua personalidade com a de Ivete.<\/p>\n<p>(*) edi\u00e7\u00e3o das novelas do SBT, &#8220;Cuidado com o Anjo&#8221;, sujeito a altera\u00e7\u00e3o de data e conte\u00fado.<\/p>\n<p>Sinopse &#8220;Cuidado com o Anjo&#8221;: Quando Maria de Jesus &#8220;Mal\u00fa&#8221; nasceu, sua m\u00e3e, crendo estar \u00e0 beira da morte, entregou-a a um sacerdote que levou-a para um orfanato. Aos 14 anos, ela foge de l\u00e1 e come\u00e7a a caminhar pelas ruas, sobrevivendo como pode. Passam-se anos e uma noite Mal\u00fa \u00e9 atacada por um b\u00eabado, o que a faz sentir rancor pelos homens e ter pesadelos que a desesperam.<\/p>\n<p>Candel\u00e1ria, uma lavadeira, lhe d\u00e1 abrigo e se transforma numa m\u00e3e para ela. Mal\u00fa trabalha no que pode para ajudar Candel\u00e1ria. Um dia se mete numa confus\u00e3o, na qual vai parar numa delegacia, onde \u00e9 julgada por seu pr\u00f3prio pai, ambos desconhecendo a rela\u00e7\u00e3o parental. E \u00e9 defendida por Jo\u00e3o Miguel S\u00e3o Rom\u00e3o, um psicanalista.<\/p>\n","protected":false},"excerpt":{"rendered":"<p>Resumo da novela &#8220;Cuidado com o Anjo&#8221; em 05\/08: no cap\u00edtulo 045(*) da novela, Jo\u00e3o Miguel confessa a padre Anselmo que Mal\u00fa \u00e9 o grande amor de sua vida, diz que nunca poder\u00e1 esquec\u00ea-la, mas que ter\u00e1 que ficar com Viviana, pois ela est\u00e1 esperando um filho seu. Micaela pergunta a Leopardo se ter\u00e1 coragem [&hellip;]<\/p>\n","protected":false},"author":2,"featured_media":220666,"comment_status":"closed","ping_status":"closed","sticky":false,"template":"","format":"standard","meta":{"tdm_status":"","tdm_grid_status":"","footnotes":""},"categories":[2284,379,2025,372,343],"tags":[441],"class_list":{"0":"post-222607","1":"post","2":"type-post","3":"status-publish","4":"format-standard","5":"has-post-thumbnail","7":"category-cuidado-com-o-anjo","8":"category-novelas","9":"category-resumo","10":"category-sbt","11":"category-televisao","12":"tag-resumo-do-dia"},"_links":{"self":[{"href":"https:\/\/migracao.redenoticia.com.br\/noticia\/wp-json\/wp\/v2\/posts\/222607","targetHints":{"allow":["GET"]}}],"collection":[{"href":"https:\/\/migracao.redenoticia.com.br\/noticia\/wp-json\/wp\/v2\/posts"}],"about":[{"href":"https:\/\/migracao.redenoticia.com.br\/noticia\/wp-json\/wp\/v2\/types\/post"}],"author":[{"embeddable":true,"href":"https:\/\/migracao.redenoticia.com.br\/noticia\/wp-json\/wp\/v2\/users\/2"}],"replies":[{"embeddable":true,"href":"https:\/\/migracao.redenoticia.com.br\/noticia\/wp-json\/wp\/v2\/comments?post=222607"}],"version-history":[{"count":0,"href":"https:\/\/migracao.redenoticia.com.br\/noticia\/wp-json\/wp\/v2\/posts\/222607\/revisions"}],"wp:featuredmedia":[{"embeddable":true,"href":"https:\/\/migracao.redenoticia.com.br\/noticia\/wp-json\/wp\/v2\/media\/220666"}],"wp:attachment":[{"href":"https:\/\/migracao.redenoticia.com.br\/noticia\/wp-json\/wp\/v2\/media?parent=222607"}],"wp:term":[{"taxonomy":"category","embeddable":true,"href":"https:\/\/migracao.redenoticia.com.br\/noticia\/wp-json\/wp\/v2\/categories?post=222607"},{"taxonomy":"post_tag","embeddable":true,"href":"https:\/\/migracao.redenoticia.com.br\/noticia\/wp-json\/wp\/v2\/tags?post=222607"}],"curies":[{"name":"wp","href":"https:\/\/api.w.org\/{rel}","templated":true}]}}