{"id":222616,"date":"2022-08-04T17:47:28","date_gmt":"2022-08-04T20:47:28","guid":{"rendered":"https:\/\/www.redenoticia.com.br\/noticia\/?p=222616"},"modified":"2022-08-04T17:47:28","modified_gmt":"2022-08-04T20:47:28","slug":"resumo-a-favorita-05-08-lara-expulsa-flora-do-rancho","status":"publish","type":"post","link":"https:\/\/migracao.redenoticia.com.br\/noticia\/2022\/resumo-a-favorita-05-08-lara-expulsa-flora-do-rancho\/222616","title":{"rendered":"Resumo &#8220;A Favorita&#8221; 05\/08: Lara expulsa Flora do rancho"},"content":{"rendered":"<p> <img loading=\"lazy\" decoding=\"async\" src=\"https:\/\/migracao.redenoticia.com.br\/noticia\/imagens\/afavorita2.jpg\" alt=\"\" width=\"1280\" height=\"720\" class=\"aligncenter size-full wp-image-219854\" srcset=\"https:\/\/migracao.redenoticia.com.br\/noticia\/imagens\/afavorita2.jpg 1280w, https:\/\/migracao.redenoticia.com.br\/noticia\/imagens\/afavorita2-250x140.jpg 250w, https:\/\/migracao.redenoticia.com.br\/noticia\/imagens\/afavorita2-400x225.jpg 400w, https:\/\/migracao.redenoticia.com.br\/noticia\/imagens\/afavorita2-768x432.jpg 768w, https:\/\/migracao.redenoticia.com.br\/noticia\/imagens\/afavorita2-150x84.jpg 150w\" sizes=\"auto, (max-width: 1280px) 100vw, 1280px\" \/><\/p>\n<p><em><strong>Resumo da novela &#8220;A Favorita&#8221;<\/strong><\/em> em 05\/08: no cap\u00edtulo 060(*) da novela, Donatela diz que Diva planejou tudo para que a troca de identidade n\u00e3o fosse descoberta. Pepe e Donatela choram a morte de Diva. Zez\u00e9 afirma que a per\u00edcia precisa confirmar se o corpo \u00e9 de Donatela. Roseli garante que n\u00e3o ser\u00e1 necess\u00e1rio, pois viu Donatela entrando na cela. Um rep\u00f3rter confirma na TV que o corpo de Donatela foi encontrado dentro da cela e que h\u00e1 ind\u00edcios de que ela provocou o inc\u00eandio. Z\u00e9 Bob se desespera e se sente culpado ao saber da not\u00edcia.<\/p>\n<p>Flora d\u00e1 novas id\u00e9ias para a empresa, impressionando Gon\u00e7alo. Flora fica nervosa ao saber da morte de Donatela. Donatela teme que Lara sofra muito. Lara ouve Cassiano cantando no r\u00e1dio. Lara fica fora de si ao saber da morte de Donatela e afirma que ela, Irene e Gon\u00e7alo mataram Donatela. Cilene fala para Halley que \u00e9 culpada pela morte de Donatela. C\u00e9u mente para Geralda que n\u00e3o tem parentes. Dedina diz a Greice que Dami\u00e3o pode ser o pai do filho de Mariana.<\/p>\n<p>Lara expulsa Flora do rancho. Flora diz que Donatela cometeu muitos erros. Lara pro\u00edbe Flora de falar sobre Donatela e diz que ningu\u00e9m ocupar\u00e1 o lugar da m\u00e3e em sua vida. Romildo promete uma grande festa de anivers\u00e1rio para Camila. Al\u00edcia e Didu insistem que Z\u00e9 Bob deve ser convidado. Flora vai \u00e0 casa de Z\u00e9 Bob. Pepe conta para Donatela que Diva foi presa porque se envolveu com bandidos perigosos. Roseli entra em um por\u00e3o blindado e se encontra com Diva.   <\/p>\n<p>(*) edi\u00e7\u00e3o das novelas da Globo, &#8220;A Favorita&#8221;, sujeito a altera\u00e7\u00e3o de data e conte\u00fado.<\/p>\n<p>Sinopse &#8220;A Favorita&#8221;: Donatela perdeu seus pais num acidente de carro e foi adotada pela fam\u00edlia de Flora, assim, as duas cresceram como irm\u00e3s. Elas sempre tiveram talento para o canto e chegaram a formar uma dupla sertaneja: Fa\u00edsca e Espoleta. As cantoras fizeram sucesso, mas sua carreira foi interrompida depois que conheceram os amigos Marcelo e Dodi. Donatela casou-se com Marcelo e Flora com Dodi, mas o casamento da primeira foi conturbado. O primeiro filho do casal desapareceu com seis meses de idade, e al\u00e9m disso, Flora teve um caso com o marido da melhor amiga, j\u00e1 separada de Dodi e dessa rela\u00e7\u00e3o nasceu Lara, o que a distanciou ainda mais de sua irm\u00e3 de cria\u00e7\u00e3o.<\/p>\n<p>No pior momento de disc\u00f3rdia entre as duas, Marcelo \u00e9 assassinado, e a culpa recai sobre Flora, que foi pega com a arma do crime, sendo sentenciada a dezoito anos de reclus\u00e3o, separando-se assim de sua filha, que \u00e9 adotada e criada por Donatela. Ao sair da pris\u00e3o, Flora quer provar sua inoc\u00eancia, com a ideia de que a verdadeira culpada foi sua ex-amiga. Donatela, por sua vez, faz de tudo para que Lara n\u00e3o se aproxime de sua m\u00e3e biol\u00f3gica, e a menina se torna o alvo da disputa entre as duas.<\/p>\n","protected":false},"excerpt":{"rendered":"<p>Resumo da novela &#8220;A Favorita&#8221; em 05\/08: no cap\u00edtulo 060(*) da novela, Donatela diz que Diva planejou tudo para que a troca de identidade n\u00e3o fosse descoberta. Pepe e Donatela choram a morte de Diva. Zez\u00e9 afirma que a per\u00edcia precisa confirmar se o corpo \u00e9 de Donatela. Roseli garante que n\u00e3o ser\u00e1 necess\u00e1rio, pois [&hellip;]<\/p>\n","protected":false},"author":2,"featured_media":219850,"comment_status":"closed","ping_status":"closed","sticky":false,"template":"","format":"standard","meta":{"tdm_status":"","tdm_grid_status":"","footnotes":""},"categories":[2278,379,375,2025,343],"tags":[441],"class_list":{"0":"post-222616","1":"post","2":"type-post","3":"status-publish","4":"format-standard","5":"has-post-thumbnail","7":"category-a-favorita","8":"category-novelas","9":"category-rede-globo","10":"category-resumo","11":"category-televisao","12":"tag-resumo-do-dia"},"_links":{"self":[{"href":"https:\/\/migracao.redenoticia.com.br\/noticia\/wp-json\/wp\/v2\/posts\/222616","targetHints":{"allow":["GET"]}}],"collection":[{"href":"https:\/\/migracao.redenoticia.com.br\/noticia\/wp-json\/wp\/v2\/posts"}],"about":[{"href":"https:\/\/migracao.redenoticia.com.br\/noticia\/wp-json\/wp\/v2\/types\/post"}],"author":[{"embeddable":true,"href":"https:\/\/migracao.redenoticia.com.br\/noticia\/wp-json\/wp\/v2\/users\/2"}],"replies":[{"embeddable":true,"href":"https:\/\/migracao.redenoticia.com.br\/noticia\/wp-json\/wp\/v2\/comments?post=222616"}],"version-history":[{"count":0,"href":"https:\/\/migracao.redenoticia.com.br\/noticia\/wp-json\/wp\/v2\/posts\/222616\/revisions"}],"wp:featuredmedia":[{"embeddable":true,"href":"https:\/\/migracao.redenoticia.com.br\/noticia\/wp-json\/wp\/v2\/media\/219850"}],"wp:attachment":[{"href":"https:\/\/migracao.redenoticia.com.br\/noticia\/wp-json\/wp\/v2\/media?parent=222616"}],"wp:term":[{"taxonomy":"category","embeddable":true,"href":"https:\/\/migracao.redenoticia.com.br\/noticia\/wp-json\/wp\/v2\/categories?post=222616"},{"taxonomy":"post_tag","embeddable":true,"href":"https:\/\/migracao.redenoticia.com.br\/noticia\/wp-json\/wp\/v2\/tags?post=222616"}],"curies":[{"name":"wp","href":"https:\/\/api.w.org\/{rel}","templated":true}]}}