{"id":222665,"date":"2022-08-05T13:11:41","date_gmt":"2022-08-05T16:11:41","guid":{"rendered":"https:\/\/www.redenoticia.com.br\/noticia\/?p=222665"},"modified":"2022-08-05T13:11:41","modified_gmt":"2022-08-05T16:11:41","slug":"resumo-cara-e-coragem-06-08-italo-fica-em-choque-ao-ver-anita","status":"publish","type":"post","link":"https:\/\/migracao.redenoticia.com.br\/noticia\/2022\/resumo-cara-e-coragem-06-08-italo-fica-em-choque-ao-ver-anita\/222665","title":{"rendered":"Resumo \u201cCara e Coragem\u201d 06\/08: \u00cdtalo fica em choque ao ver Anita"},"content":{"rendered":"<p> <img loading=\"lazy\" decoding=\"async\" src=\"https:\/\/migracao.redenoticia.com.br\/noticia\/imagens\/cara-e-coragem.jpg\" alt=\"\" width=\"1280\" height=\"720\" class=\"aligncenter size-full wp-image-220184\" srcset=\"https:\/\/migracao.redenoticia.com.br\/noticia\/imagens\/cara-e-coragem.jpg 1280w, https:\/\/migracao.redenoticia.com.br\/noticia\/imagens\/cara-e-coragem-250x140.jpg 250w, https:\/\/migracao.redenoticia.com.br\/noticia\/imagens\/cara-e-coragem-400x225.jpg 400w, https:\/\/migracao.redenoticia.com.br\/noticia\/imagens\/cara-e-coragem-768x432.jpg 768w, https:\/\/migracao.redenoticia.com.br\/noticia\/imagens\/cara-e-coragem-150x84.jpg 150w\" sizes=\"auto, (max-width: 1280px) 100vw, 1280px\" \/><\/p>\n<p><strong><em>Resumo da novela \u201cCara e Coragem\u201d<\/em><\/strong> em 06\/08: no cap\u00edtulo 060(*) da novela, Moa se desespera ao ver Pat desacordada e ca\u00edda no ch\u00e3o. O amigo de \u00cdtalo tamb\u00e9m se fere ap\u00f3s a explos\u00e3o e \u00e9 levado \u00e0s pressas para o hospital. Pat tenta se declarar para Moa, mas Rico interrompe sem querer o clima entre os dois. Danilo conta sobre o atentado contra Pat e Moa, e Leonardo fica nervoso. Um policial avisa a Paulo e Marcela sobre o incidente com o carro de Pat. Andrea Pratini procura Olivia na academia e Duarte em p\u00e2nico se esconde para n\u00e3o ser reconhecido.<\/p>\n<p>\u00cdtalo acredita que Danilo seja o respons\u00e1vel pelo atentado contra Pat e pensa em procurar Jonathan. Leonardo entra em surto, e Regina cuida do rapaz. \u00cdtalo abre a caixa de Clarice na casa de Jonathan. Jonathan afirma a \u00cdtalo que vai adiantar a f\u00f3rmula falsa. Pat e Moa confrontam Baby. \u00cdtalo vai ao brech\u00f3 falar com Dalva e se surpreende ao ver Anita no local. \u00cdtalo fica em choque.<br \/>\n(*) edi\u00e7\u00e3o das novelas da Globo, \u201cCara e Coragem\u201d, sujeito a altera\u00e7\u00e3o de data e conte\u00fado.<\/p>\n<p>Sinopse \u201cCara e Coragem\u201d: Os dubl\u00eas profissionais Pat e Moa ter\u00e3o seus caminhos tra\u00e7ados com o da empres\u00e1ria Clarice Gusm\u00e3o, diretora da Sider\u00fargica Gusm\u00e3o e inventora de uma f\u00f3rmula secreta milion\u00e1ria, que ser\u00e1 invejada por Leonardo, irm\u00e3o de Clarice, sua amante Regina, e Danilo, tamb\u00e9m empres\u00e1rio.<\/p>\n<p>Enquanto os dubl\u00eas se descobrir\u00e3o apaixonados um pelo outro, mesmo que eles n\u00e3o admitam, Clarice ter\u00e1 um caso com \u00cdtalo, um instrutor de parkur, al\u00e9m de outros segredos obscuros dentro da trama. Uma reviravolta em sua vida acontece ao descobrir a exist\u00eancia de Anita, uma s\u00f3sia sua, mas com uma personalidade totalmente oposta.<\/p>\n","protected":false},"excerpt":{"rendered":"<p>Resumo da novela \u201cCara e Coragem\u201d em 06\/08: no cap\u00edtulo 060(*) da novela, Moa se desespera ao ver Pat desacordada e ca\u00edda no ch\u00e3o. O amigo de \u00cdtalo tamb\u00e9m se fere ap\u00f3s a explos\u00e3o e \u00e9 levado \u00e0s pressas para o hospital. Pat tenta se declarar para Moa, mas Rico interrompe sem querer o clima [&hellip;]<\/p>\n","protected":false},"author":2,"featured_media":220185,"comment_status":"closed","ping_status":"closed","sticky":false,"template":"","format":"standard","meta":{"tdm_status":"","tdm_grid_status":"","footnotes":""},"categories":[2281,379,375,2025,343],"tags":[441],"class_list":{"0":"post-222665","1":"post","2":"type-post","3":"status-publish","4":"format-standard","5":"has-post-thumbnail","7":"category-cara-e-coragem","8":"category-novelas","9":"category-rede-globo","10":"category-resumo","11":"category-televisao","12":"tag-resumo-do-dia"},"_links":{"self":[{"href":"https:\/\/migracao.redenoticia.com.br\/noticia\/wp-json\/wp\/v2\/posts\/222665","targetHints":{"allow":["GET"]}}],"collection":[{"href":"https:\/\/migracao.redenoticia.com.br\/noticia\/wp-json\/wp\/v2\/posts"}],"about":[{"href":"https:\/\/migracao.redenoticia.com.br\/noticia\/wp-json\/wp\/v2\/types\/post"}],"author":[{"embeddable":true,"href":"https:\/\/migracao.redenoticia.com.br\/noticia\/wp-json\/wp\/v2\/users\/2"}],"replies":[{"embeddable":true,"href":"https:\/\/migracao.redenoticia.com.br\/noticia\/wp-json\/wp\/v2\/comments?post=222665"}],"version-history":[{"count":0,"href":"https:\/\/migracao.redenoticia.com.br\/noticia\/wp-json\/wp\/v2\/posts\/222665\/revisions"}],"wp:featuredmedia":[{"embeddable":true,"href":"https:\/\/migracao.redenoticia.com.br\/noticia\/wp-json\/wp\/v2\/media\/220185"}],"wp:attachment":[{"href":"https:\/\/migracao.redenoticia.com.br\/noticia\/wp-json\/wp\/v2\/media?parent=222665"}],"wp:term":[{"taxonomy":"category","embeddable":true,"href":"https:\/\/migracao.redenoticia.com.br\/noticia\/wp-json\/wp\/v2\/categories?post=222665"},{"taxonomy":"post_tag","embeddable":true,"href":"https:\/\/migracao.redenoticia.com.br\/noticia\/wp-json\/wp\/v2\/tags?post=222665"}],"curies":[{"name":"wp","href":"https:\/\/api.w.org\/{rel}","templated":true}]}}