{"id":2227,"date":"2009-06-01T21:32:06","date_gmt":"2009-06-02T01:32:06","guid":{"rendered":"http:\/\/www.redenoticia.com.br\/noticia\/?p=2227"},"modified":"2009-06-01T21:32:06","modified_gmt":"2009-06-02T01:32:06","slug":"inscricao-para-exame-de-suplencia-em-rondonia","status":"publish","type":"post","link":"https:\/\/migracao.redenoticia.com.br\/noticia\/2009\/inscricao-para-exame-de-suplencia-em-rondonia\/2227","title":{"rendered":"inscri\u00e7\u00e3o para exame de supl\u00eancia em Rond\u00f4nia"},"content":{"rendered":"<div>\n<p align=\"justify\"><span style=\"font-family: Arial; font-size: small;\">A partir desta segunda-feira (1) a 26  de junho\u00a0e de 1\u00ba a 30 de setembro estar\u00e3o abertas as inscri\u00e7\u00f5es\u00a0para os Exames  de Supl\u00eancia Gerais \u2013 Prov\u00e3o. E de\u00a020 de julho a\u00a05 de agosto\u00a0deste ano e de 18  de janeiro a\u00a08 de fevereiro de 2010 para\u00a0Exames de Circula\u00e7\u00e3o de Estudos, para  os alunos retidos\u00a0do ensino fundamental e\u00a0m\u00e9dio. O exame visa aferir os  conhecimentos dos candidatos e alunos mediante exames, que ser\u00e3o estruturados  com os componentes da Base Nacional Comum, complementados pelos da parte  diversificada. <\/span><\/p>\n<p align=\"justify\"><span style=\"font-family: Arial; font-size: small;\">Os Exames de Supl\u00eancia Gerais &#8211; Prov\u00e3o  do Ensino Fundamental e do Ensino M\u00e9dio, e de Circula\u00e7\u00e3o de Estudos para alunos  retidos no 8\u00ba ou 9\u00ba ano do ensino fundamental ou no 3\u00ba ano do ensino m\u00e9dio, das  redes p\u00fablica e privada \u2013 ser\u00e3o ofertados gratuitamente, para certifica\u00e7\u00e3o de  conclus\u00e3o de n\u00edveis de ensino, nos munic\u00edpios do Estado de Rond\u00f4nia. <\/span><\/p>\n<p align=\"justify\"><span style=\"font-family: Arial; font-size: small;\">As provas ser\u00e3o realizadas nos Centros  Estaduais de Educa\u00e7\u00e3o de Jovens e Adultos (Ceejas) e nas extens\u00f5es, autorizadas  ou credenciadas pelo \u00f3rg\u00e3o do sistema p\u00fablico de ensino. Os exames para o ensino  fundamental primeiro segmento, 1\u00ba ao 4\u00ba ano da Educa\u00e7\u00e3o de Jovens e Adultos  (EJA), ocorrer\u00e3o quatro vezes ao ano, conforme calend\u00e1rio estabelecido pelo  Centro Estadual de Educa\u00e7\u00e3o de Jovens e Adultos (Ceeja), atendendo tamb\u00e9m as  Unidades Prisionais e de Interna\u00e7\u00e3o Socioeducativas. <\/span><\/p>\n<p align=\"justify\"><span style=\"font-family: Arial; font-size: small;\">Os candidatos e alunos aos Exames de  Supl\u00eancia dever\u00e3o ter idade m\u00ednima de 15 anos para o ensino fundamental e 18  anos para o ensino m\u00e9dio, sendo exigida a apresenta\u00e7\u00e3o de um dos seguintes  documentos de identifica\u00e7\u00e3o: Certid\u00e3o de Nascimento ou Casamento, Carteira de  Identidade (RG), Carteira de Trabalho e Previd\u00eancia Social (CTPS); Certid\u00e3o de  interna\u00e7\u00e3o expedida pelo Juizado de Menor, ao candidato\/aluno em Unidades  Socioeducativas. Para os Exames de Circula\u00e7\u00e3o de Estudos, declara\u00e7\u00e3o da Escola  de origem, indicando ano, s\u00e9rie e o(s) componente(s) em que o aluno ficou  retido. <\/span><\/p>\n<p align=\"justify\"><span style=\"font-family: Arial; font-size: small;\">Ser\u00e1 necess\u00e1ria\u00a0a apresenta\u00e7\u00e3o de um  dos documentos de identifica\u00e7\u00e3o e duas (02) fotos 3 x 4. O candidato\/aluno  dever\u00e1 optar\u00e1 entre as disciplinas de Ingl\u00eas ou Espanhol, preenchendo formul\u00e1rio  dispon\u00edvel no Centro Estadual de Educa\u00e7\u00e3o de Jovens e Adultos (Ceeja). As  inscri\u00e7\u00f5es estar\u00e3o dispon\u00edveis em hor\u00e1rio normal de expediente nos respectivos  Ceejas. <\/span><\/p>\n<p align=\"justify\"><span style=\"font-family: Arial; font-size: small;\">Informa\u00e7\u00f5es mais detalhadas poder\u00e3o ser  obtidas no <\/span><a href=\"http:\/\/www.seduc.ro.gov.br\/\" target=\"_blank\"><span style=\"font-family: Arial; color: #002060; font-size: small;\"><span style=\"text-decoration: underline;\">www.seduc.ro.gov.br<\/span><\/span><\/a><span style=\"font-family: Arial; font-size: small;\"> \u2013 site oficial da Secretaria de Estado da  Educa\u00e7\u00e3o.<\/span><\/p>\n<p align=\"justify\"><span style=\"font-family: Arial; font-size: small;\">Fonte: Assessoria<\/span><\/p>\n<\/div>\n","protected":false},"excerpt":{"rendered":"<p>A partir desta segunda-feira (1) a 26 de junho\u00a0e de 1\u00ba a 30 de setembro estar\u00e3o abertas as inscri\u00e7\u00f5es\u00a0para os Exames de Supl\u00eancia Gerais \u2013 Prov\u00e3o. E de\u00a020 de julho a\u00a05 de agosto\u00a0deste ano e de 18 de janeiro a\u00a08 de fevereiro de 2010 para\u00a0Exames de Circula\u00e7\u00e3o de Estudos, para os alunos retidos\u00a0do ensino fundamental [&hellip;]<\/p>\n","protected":false},"author":3,"featured_media":0,"comment_status":"open","ping_status":"open","sticky":false,"template":"","format":"standard","meta":{"tdm_status":"","tdm_grid_status":"","footnotes":""},"categories":[22],"tags":[],"class_list":{"0":"post-2227","1":"post","2":"type-post","3":"status-publish","4":"format-standard","6":"category-brasil"},"_links":{"self":[{"href":"https:\/\/migracao.redenoticia.com.br\/noticia\/wp-json\/wp\/v2\/posts\/2227","targetHints":{"allow":["GET"]}}],"collection":[{"href":"https:\/\/migracao.redenoticia.com.br\/noticia\/wp-json\/wp\/v2\/posts"}],"about":[{"href":"https:\/\/migracao.redenoticia.com.br\/noticia\/wp-json\/wp\/v2\/types\/post"}],"author":[{"embeddable":true,"href":"https:\/\/migracao.redenoticia.com.br\/noticia\/wp-json\/wp\/v2\/users\/3"}],"replies":[{"embeddable":true,"href":"https:\/\/migracao.redenoticia.com.br\/noticia\/wp-json\/wp\/v2\/comments?post=2227"}],"version-history":[{"count":0,"href":"https:\/\/migracao.redenoticia.com.br\/noticia\/wp-json\/wp\/v2\/posts\/2227\/revisions"}],"wp:attachment":[{"href":"https:\/\/migracao.redenoticia.com.br\/noticia\/wp-json\/wp\/v2\/media?parent=2227"}],"wp:term":[{"taxonomy":"category","embeddable":true,"href":"https:\/\/migracao.redenoticia.com.br\/noticia\/wp-json\/wp\/v2\/categories?post=2227"},{"taxonomy":"post_tag","embeddable":true,"href":"https:\/\/migracao.redenoticia.com.br\/noticia\/wp-json\/wp\/v2\/tags?post=2227"}],"curies":[{"name":"wp","href":"https:\/\/api.w.org\/{rel}","templated":true}]}}