{"id":222705,"date":"2022-08-07T12:58:17","date_gmt":"2022-08-07T15:58:17","guid":{"rendered":"https:\/\/www.redenoticia.com.br\/noticia\/?p=222705"},"modified":"2022-08-07T14:22:43","modified_gmt":"2022-08-07T17:22:43","slug":"resumo-cara-e-coragem-08-08-pat-pede-a-separacao-para-alfredo","status":"publish","type":"post","link":"https:\/\/migracao.redenoticia.com.br\/noticia\/2022\/resumo-cara-e-coragem-08-08-pat-pede-a-separacao-para-alfredo\/222705","title":{"rendered":"Resumo \u201cCara e Coragem\u201d 08\/08: Pat pede a separa\u00e7\u00e3o para Alfredo"},"content":{"rendered":"<p> <img loading=\"lazy\" decoding=\"async\" src=\"https:\/\/migracao.redenoticia.com.br\/noticia\/imagens\/cara-e-coragem.jpg\" alt=\"\" width=\"1280\" height=\"720\" class=\"aligncenter size-full wp-image-220184\" srcset=\"https:\/\/migracao.redenoticia.com.br\/noticia\/imagens\/cara-e-coragem.jpg 1280w, https:\/\/migracao.redenoticia.com.br\/noticia\/imagens\/cara-e-coragem-250x140.jpg 250w, https:\/\/migracao.redenoticia.com.br\/noticia\/imagens\/cara-e-coragem-400x225.jpg 400w, https:\/\/migracao.redenoticia.com.br\/noticia\/imagens\/cara-e-coragem-768x432.jpg 768w, https:\/\/migracao.redenoticia.com.br\/noticia\/imagens\/cara-e-coragem-150x84.jpg 150w\" sizes=\"auto, (max-width: 1280px) 100vw, 1280px\" \/><\/p>\n<p><strong><em>Resumo da novela \u201cCara e Coragem\u201d<\/em><\/strong> em 08\/08: no cap\u00edtulo 061(*) da novela, \u00cdtalo se lembra de Clarice e fica desconcertado. Pat e Moa interrogam Baby, o aluno de Parkour de \u00cdtalo, no galp\u00e3o da Coragem.com. Ol\u00edvia procura Duarte pela companhia para apresent\u00e1-lo a Andr\u00e9a Pratini. \u00cdtalo, Pat e Moa decidem o que fazer com Baby depois de descobrir que ele \u00e9 informante de Danilo. Baby \u00e9 atropelado ao tentar fugir, e \u00cdtalo o ajuda.<\/p>\n<p>Renan exige que Lou more com ele. Pat pede para conversar com Alfredo. Moa percebe um olhar diferente de Pat e fica esperan\u00e7oso. Duarte pede demiss\u00e3o da companhia de dan\u00e7a porque n\u00e3o consegue conciliar a fun\u00e7\u00e3o de faz-tudo com os compromissos de Bob Wright. Ele tamb\u00e9m n\u00e3o quer ser descoberto por Andr\u00e9a e resolve investir em conquistar a atriz. Alfredo desconfia do jeito como Pat o trata quando chega em casa. Andr\u00e9a descobre que o juiz da audi\u00eancia de guarda de Chiquinho \u00e9 seu amigo. Pat pede a separa\u00e7\u00e3o para Alfredo.<\/p>\n<p>(*) edi\u00e7\u00e3o das novelas da Globo, \u201cCara e Coragem\u201d, sujeito a altera\u00e7\u00e3o de data e conte\u00fado.<\/p>\n<p>Sinopse \u201cCara e Coragem\u201d: Os dubl\u00eas profissionais Pat e Moa ter\u00e3o seus caminhos tra\u00e7ados com o da empres\u00e1ria Clarice Gusm\u00e3o, diretora da Sider\u00fargica Gusm\u00e3o e inventora de uma f\u00f3rmula secreta milion\u00e1ria, que ser\u00e1 invejada por Leonardo, irm\u00e3o de Clarice, sua amante Regina, e Danilo, tamb\u00e9m empres\u00e1rio.<\/p>\n<p>Enquanto os dubl\u00eas se descobrir\u00e3o apaixonados um pelo outro, mesmo que eles n\u00e3o admitam, Clarice ter\u00e1 um caso com \u00cdtalo, um instrutor de parkur, al\u00e9m de outros segredos obscuros dentro da trama. Uma reviravolta em sua vida acontece ao descobrir a exist\u00eancia de Anita, uma s\u00f3sia sua, mas com uma personalidade totalmente oposta.<\/p>\n","protected":false},"excerpt":{"rendered":"<p>Resumo da novela \u201cCara e Coragem\u201d em 08\/08: no cap\u00edtulo 061(*) da novela, \u00cdtalo se lembra de Clarice e fica desconcertado. Pat e Moa interrogam Baby, o aluno de Parkour de \u00cdtalo, no galp\u00e3o da Coragem.com. Ol\u00edvia procura Duarte pela companhia para apresent\u00e1-lo a Andr\u00e9a Pratini. \u00cdtalo, Pat e Moa decidem o que fazer com [&hellip;]<\/p>\n","protected":false},"author":2,"featured_media":220185,"comment_status":"closed","ping_status":"closed","sticky":false,"template":"","format":"standard","meta":{"tdm_status":"","tdm_grid_status":"","footnotes":""},"categories":[2281,379,375,2025,343],"tags":[441],"class_list":{"0":"post-222705","1":"post","2":"type-post","3":"status-publish","4":"format-standard","5":"has-post-thumbnail","7":"category-cara-e-coragem","8":"category-novelas","9":"category-rede-globo","10":"category-resumo","11":"category-televisao","12":"tag-resumo-do-dia"},"_links":{"self":[{"href":"https:\/\/migracao.redenoticia.com.br\/noticia\/wp-json\/wp\/v2\/posts\/222705","targetHints":{"allow":["GET"]}}],"collection":[{"href":"https:\/\/migracao.redenoticia.com.br\/noticia\/wp-json\/wp\/v2\/posts"}],"about":[{"href":"https:\/\/migracao.redenoticia.com.br\/noticia\/wp-json\/wp\/v2\/types\/post"}],"author":[{"embeddable":true,"href":"https:\/\/migracao.redenoticia.com.br\/noticia\/wp-json\/wp\/v2\/users\/2"}],"replies":[{"embeddable":true,"href":"https:\/\/migracao.redenoticia.com.br\/noticia\/wp-json\/wp\/v2\/comments?post=222705"}],"version-history":[{"count":0,"href":"https:\/\/migracao.redenoticia.com.br\/noticia\/wp-json\/wp\/v2\/posts\/222705\/revisions"}],"wp:featuredmedia":[{"embeddable":true,"href":"https:\/\/migracao.redenoticia.com.br\/noticia\/wp-json\/wp\/v2\/media\/220185"}],"wp:attachment":[{"href":"https:\/\/migracao.redenoticia.com.br\/noticia\/wp-json\/wp\/v2\/media?parent=222705"}],"wp:term":[{"taxonomy":"category","embeddable":true,"href":"https:\/\/migracao.redenoticia.com.br\/noticia\/wp-json\/wp\/v2\/categories?post=222705"},{"taxonomy":"post_tag","embeddable":true,"href":"https:\/\/migracao.redenoticia.com.br\/noticia\/wp-json\/wp\/v2\/tags?post=222705"}],"curies":[{"name":"wp","href":"https:\/\/api.w.org\/{rel}","templated":true}]}}