{"id":22276,"date":"2010-01-25T17:29:14","date_gmt":"2010-01-25T21:29:14","guid":{"rendered":"http:\/\/www.redenoticia.com.br\/noticia\/?p=22276"},"modified":"2012-04-02T15:40:02","modified_gmt":"2012-04-02T18:40:02","slug":"resumo-de-novela-ligia-vai-encontrar-tony-em-poder-paralelo-25-a-2901","status":"publish","type":"post","link":"https:\/\/migracao.redenoticia.com.br\/noticia\/2010\/resumo-de-novela-ligia-vai-encontrar-tony-em-poder-paralelo-25-a-2901\/22276","title":{"rendered":"Resumo de Novela \u2013 Ligia vai encontrar Tony em Poder Paralelo (25 a 29\/01)"},"content":{"rendered":"<p><strong><em><span style=\"font-style: normal; font-weight: normal;\"><img loading=\"lazy\" decoding=\"async\" class=\"alignleft size-full wp-image-17363\" title=\"novela record poder paralelo\" src=\"https:\/\/migracao.redenoticia.com.br\/noticia\/imagens\/novela-record-poder-paralelo.jpg\" alt=\"\" width=\"300\" height=\"193\" srcset=\"https:\/\/migracao.redenoticia.com.br\/noticia\/imagens\/novela-record-poder-paralelo.jpg 300w, https:\/\/migracao.redenoticia.com.br\/noticia\/imagens\/novela-record-poder-paralelo-250x160.jpg 250w, https:\/\/migracao.redenoticia.com.br\/noticia\/imagens\/novela-record-poder-paralelo-150x96.jpg 150w\" sizes=\"auto, (max-width: 300px) 100vw, 300px\" \/><\/span>Poder Paralelo, resumo de novela da Record<\/em><\/strong> &#8211; Em Poder Paralelo, depois de conhecer e se interessar por Tony (Gabriel Braga Nunes), Ant\u00f4nia (Francisca Queiroz) confessa seus sentimentos para Fernanda (Paloma Duarte). Num dos c\u00f4modos da casa de Serra de Rafael (Floriano Peixoto), a carioca fala sobre o mafioso, deixando a atriz morrendo de ci\u00fames. Em seguida, Ant\u00f4nia, de maneira ousada, prop\u00f5e que as duas troquem de par. Fernanda, por\u00e9m, recusa a proposta, alegando que s\u00f3 quer ficar com Tony. A cena est\u00e1 prevista para ser exibida no cap\u00edtulo do dia 25.<\/p>\n<p>T\u00e9o encontra L\u00edgia e Gigi &#8211; Em Poder Paralelo, depois de tocar no Bar New Orleans, T\u00e9o (Tuca Andrada) encontra L\u00edgia (Miriam Freeland) e Gigi (Karen Junqueira). Ao ver a jornalista, o ex-delegado fica feliz e os dois, ent\u00e3o, come\u00e7am a conversar. Mas o papo \u00e9 interrompido pela chegada de Gigi. Muito interessada em T\u00e9o, a modelo elogia sua apresenta\u00e7\u00e3o e senta-se na mesma mesa que os dois, deixando-os desconfort\u00e1veis. A seq\u00fc\u00eancia est\u00e1 prevista para ser exibida no cap\u00edtulo do dia 28.<\/p>\n<p>Ant\u00f4nia procura L\u00edgia para lev\u00e1-la ao encontro de Tony &#8211; Em Poder Paralelo, depois de passar dias na casa de serra de Rafael (Floriano Peixoto) ao lado de Tony (Gabriel Braga Nunes), Fernanda (Paloma Duarte), Laila (Luciana Braga) e Khalid (Fernando Pav\u00e3o), Ant\u00f4nia (Francisca Queir\u00f3z) vai embora e procura L\u00edgia (Miriam Freeland) em S\u00e3o Paulo. De surpresa, a carioca aparece no apartamento da jornalista e afirma que sabe o paradeiro de Tony. Sem querer dar mais detalhes, Ant\u00f4nia apenas diz a L\u00edgia que o mafioso a enviou para busc\u00e1-la e lev\u00e1-la ao seu encontro. A jornalista fica confusa, mas acaba aceitando viajar com Ant\u00f4nia. A sequ\u00eancia est\u00e1 prevista para ser exibida no cap\u00edtulo do dia 29.<\/p>\n<p>Poder Paralelo, resumo de novela da Record<\/p>\n","protected":false},"excerpt":{"rendered":"<p>Poder Paralelo, resumo de novela da Record &#8211; Em Poder Paralelo, depois de conhecer e se interessar por Tony (Gabriel Braga Nunes), Ant\u00f4nia (Francisca Queiroz) confessa seus sentimentos para Fernanda (Paloma Duarte). Num dos c\u00f4modos da casa de Serra de Rafael (Floriano Peixoto), a carioca fala sobre o mafioso, deixando a atriz morrendo de ci\u00fames. [&hellip;]<\/p>\n","protected":false},"author":3,"featured_media":0,"comment_status":"open","ping_status":"open","sticky":false,"template":"","format":"standard","meta":{"tdm_status":"","tdm_grid_status":"","footnotes":""},"categories":[379,371,343],"tags":[],"class_list":{"0":"post-22276","1":"post","2":"type-post","3":"status-publish","4":"format-standard","6":"category-novelas","7":"category-rede-record","8":"category-televisao"},"_links":{"self":[{"href":"https:\/\/migracao.redenoticia.com.br\/noticia\/wp-json\/wp\/v2\/posts\/22276","targetHints":{"allow":["GET"]}}],"collection":[{"href":"https:\/\/migracao.redenoticia.com.br\/noticia\/wp-json\/wp\/v2\/posts"}],"about":[{"href":"https:\/\/migracao.redenoticia.com.br\/noticia\/wp-json\/wp\/v2\/types\/post"}],"author":[{"embeddable":true,"href":"https:\/\/migracao.redenoticia.com.br\/noticia\/wp-json\/wp\/v2\/users\/3"}],"replies":[{"embeddable":true,"href":"https:\/\/migracao.redenoticia.com.br\/noticia\/wp-json\/wp\/v2\/comments?post=22276"}],"version-history":[{"count":0,"href":"https:\/\/migracao.redenoticia.com.br\/noticia\/wp-json\/wp\/v2\/posts\/22276\/revisions"}],"wp:attachment":[{"href":"https:\/\/migracao.redenoticia.com.br\/noticia\/wp-json\/wp\/v2\/media?parent=22276"}],"wp:term":[{"taxonomy":"category","embeddable":true,"href":"https:\/\/migracao.redenoticia.com.br\/noticia\/wp-json\/wp\/v2\/categories?post=22276"},{"taxonomy":"post_tag","embeddable":true,"href":"https:\/\/migracao.redenoticia.com.br\/noticia\/wp-json\/wp\/v2\/tags?post=22276"}],"curies":[{"name":"wp","href":"https:\/\/api.w.org\/{rel}","templated":true}]}}