{"id":2228,"date":"2009-06-01T21:45:27","date_gmt":"2009-06-02T01:45:27","guid":{"rendered":"http:\/\/www.redenoticia.com.br\/noticia\/?p=2228"},"modified":"2009-06-01T21:45:27","modified_gmt":"2009-06-02T01:45:27","slug":"campeoes-do-jems-ji-parana-devem-apresentar-documentos-para-participarem-dos-jogos-regionais","status":"publish","type":"post","link":"https:\/\/migracao.redenoticia.com.br\/noticia\/2009\/campeoes-do-jems-ji-parana-devem-apresentar-documentos-para-participarem-dos-jogos-regionais\/2228","title":{"rendered":"Campe\u00f5es do JEM&#8217;s Ji-Paran\u00e1 devem apresentar documentos para participarem dos jogos regionais"},"content":{"rendered":"<p class=\"MsoNormal\"><span style=\"font-family: Arial;\">Os professores que classificaram equipes para a fase regional dos Jogos Escolares dever\u00e3o entregar diversos documentos\u00a0 na Representa\u00e7\u00e3o de Ensino de Ji-Paran\u00e1, nesta ter\u00e7a (02).<br \/>\n<\/span><\/p>\n<p class=\"MsoNormal\"><span style=\"font-family: Arial;\">A coordena\u00e7\u00e3o do evento solicita urg\u00eancia e pede os seguintes documentos:<\/span><\/p>\n<p class=\"MsoNormal\" style=\"margin-left: 78pt; text-indent: -18pt;\"><!--[if !supportLists]--><span style=\"font-size: 10pt; font-family: &quot;Courier New&quot;;\"><span>o<span style=\"font-family: &quot;Times New Roman&quot;; font-style: normal; font-variant: normal; font-weight: normal; font-size: 7pt; line-height: normal; font-size-adjust: none; font-stretch: normal;\"> <\/span><\/span><\/span><!--[endif]--><span style=\"font-family: Arial;\">Professores\/funcion\u00e1rios do Governo, visando di\u00e1rias. <\/span><\/p>\n<p class=\"MsoNormal\" style=\"margin-left: 78pt; text-indent: -18pt;\"><!--[if !supportLists]--><span style=\"font-size: 10pt; font-family: &quot;Courier New&quot;;\"><span>o<span style=\"font-family: &quot;Times New Roman&quot;; font-style: normal; font-variant: normal; font-weight: normal; font-size: 7pt; line-height: normal; font-size-adjust: none; font-stretch: normal;\"> <\/span><\/span><\/span><!--[endif]--><span style=\"font-family: Arial;\">X\u00e9rox RG<\/span><\/p>\n<p class=\"MsoNormal\" style=\"margin-left: 78pt; text-indent: -18pt;\"><!--[if !supportLists]--><span style=\"font-size: 10pt; font-family: &quot;Courier New&quot;;\"><span>o<span style=\"font-family: &quot;Times New Roman&quot;; font-style: normal; font-variant: normal; font-weight: normal; font-size: 7pt; line-height: normal; font-size-adjust: none; font-stretch: normal;\"> <\/span><\/span><\/span><!--[endif]--><span style=\"font-family: Arial;\">X\u00e9rox CPF<\/span><\/p>\n<p class=\"MsoNormal\" style=\"margin-left: 78pt; text-indent: -18pt;\"><!--[if !supportLists]--><span style=\"font-size: 10pt; font-family: &quot;Courier New&quot;;\"><span>o<span style=\"font-family: &quot;Times New Roman&quot;; font-style: normal; font-variant: normal; font-weight: normal; font-size: 7pt; line-height: normal; font-size-adjust: none; font-stretch: normal;\"> <\/span><\/span><\/span><!--[endif]--><span style=\"font-family: Arial;\">Comprovante conta banc\u00e1ria (Extrato)<\/span><\/p>\n<p class=\"MsoNormal\" style=\"margin-left: 78pt; text-indent: -18pt;\"><!--[if !supportLists]--><span style=\"font-size: 10pt; font-family: &quot;Courier New&quot;;\"><span>o<span style=\"font-family: &quot;Times New Roman&quot;; font-style: normal; font-variant: normal; font-weight: normal; font-size: 7pt; line-height: normal; font-size-adjust: none; font-stretch: normal;\"> <\/span><\/span><\/span><!--[endif]--><span style=\"font-family: Arial;\">Alunos\/atletas, visando participar do JOER Regional:<\/span><\/p>\n<p class=\"MsoNormal\" style=\"margin-left: 78pt; text-indent: -18pt;\"><!--[if !supportLists]--><span style=\"font-size: 10pt; font-family: &quot;Courier New&quot;;\"><span>o<span style=\"font-family: &quot;Times New Roman&quot;; font-style: normal; font-variant: normal; font-weight: normal; font-size: 7pt; line-height: normal; font-size-adjust: none; font-stretch: normal;\"> <\/span><\/span><\/span><!--[endif]--><span style=\"font-family: Arial;\">Ficha Individual do Atleta<\/span><\/p>\n<p class=\"MsoNormal\" style=\"margin-left: 78pt; text-indent: -18pt;\"><!--[if !supportLists]--><span style=\"font-size: 10pt; font-family: &quot;Courier New&quot;;\"><span>o<span style=\"font-family: &quot;Times New Roman&quot;; font-style: normal; font-variant: normal; font-weight: normal; font-size: 7pt; line-height: normal; font-size-adjust: none; font-stretch: normal;\"> <\/span><\/span><\/span><!--[endif]--><span style=\"font-family: Arial;\">X\u00e9rox do RG autenticada em cart\u00f3rio, ou protocolo da identidade.<\/span><\/p>\n","protected":false},"excerpt":{"rendered":"<p>Os professores que classificaram equipes para a fase regional dos Jogos Escolares dever\u00e3o entregar diversos documentos\u00a0 na Representa\u00e7\u00e3o de Ensino de Ji-Paran\u00e1, nesta ter\u00e7a (02). A coordena\u00e7\u00e3o do evento solicita urg\u00eancia e pede os seguintes documentos: o Professores\/funcion\u00e1rios do Governo, visando di\u00e1rias. o X\u00e9rox RG o X\u00e9rox CPF o Comprovante conta banc\u00e1ria (Extrato) o Alunos\/atletas, [&hellip;]<\/p>\n","protected":false},"author":3,"featured_media":0,"comment_status":"open","ping_status":"open","sticky":false,"template":"","format":"standard","meta":{"tdm_status":"","tdm_grid_status":"","footnotes":""},"categories":[22],"tags":[],"class_list":{"0":"post-2228","1":"post","2":"type-post","3":"status-publish","4":"format-standard","6":"category-brasil"},"_links":{"self":[{"href":"https:\/\/migracao.redenoticia.com.br\/noticia\/wp-json\/wp\/v2\/posts\/2228","targetHints":{"allow":["GET"]}}],"collection":[{"href":"https:\/\/migracao.redenoticia.com.br\/noticia\/wp-json\/wp\/v2\/posts"}],"about":[{"href":"https:\/\/migracao.redenoticia.com.br\/noticia\/wp-json\/wp\/v2\/types\/post"}],"author":[{"embeddable":true,"href":"https:\/\/migracao.redenoticia.com.br\/noticia\/wp-json\/wp\/v2\/users\/3"}],"replies":[{"embeddable":true,"href":"https:\/\/migracao.redenoticia.com.br\/noticia\/wp-json\/wp\/v2\/comments?post=2228"}],"version-history":[{"count":0,"href":"https:\/\/migracao.redenoticia.com.br\/noticia\/wp-json\/wp\/v2\/posts\/2228\/revisions"}],"wp:attachment":[{"href":"https:\/\/migracao.redenoticia.com.br\/noticia\/wp-json\/wp\/v2\/media?parent=2228"}],"wp:term":[{"taxonomy":"category","embeddable":true,"href":"https:\/\/migracao.redenoticia.com.br\/noticia\/wp-json\/wp\/v2\/categories?post=2228"},{"taxonomy":"post_tag","embeddable":true,"href":"https:\/\/migracao.redenoticia.com.br\/noticia\/wp-json\/wp\/v2\/tags?post=2228"}],"curies":[{"name":"wp","href":"https:\/\/api.w.org\/{rel}","templated":true}]}}