{"id":222876,"date":"2022-08-11T14:45:20","date_gmt":"2022-08-11T17:45:20","guid":{"rendered":"https:\/\/www.redenoticia.com.br\/noticia\/?p=222876"},"modified":"2022-08-11T14:45:20","modified_gmt":"2022-08-11T17:45:20","slug":"resumo-cara-e-coragem-12-08-pat-percebe-que-esta-a-ser-seguida","status":"publish","type":"post","link":"https:\/\/migracao.redenoticia.com.br\/noticia\/2022\/resumo-cara-e-coragem-12-08-pat-percebe-que-esta-a-ser-seguida\/222876","title":{"rendered":"Resumo \u201cCara e Coragem\u201d 12\/08: Pat percebe que est\u00e1 a ser seguida"},"content":{"rendered":"<p> <img loading=\"lazy\" decoding=\"async\" src=\"https:\/\/migracao.redenoticia.com.br\/noticia\/imagens\/cara-e-coragem.jpg\" alt=\"\" width=\"1280\" height=\"720\" class=\"aligncenter size-full wp-image-220184\" srcset=\"https:\/\/migracao.redenoticia.com.br\/noticia\/imagens\/cara-e-coragem.jpg 1280w, https:\/\/migracao.redenoticia.com.br\/noticia\/imagens\/cara-e-coragem-250x140.jpg 250w, https:\/\/migracao.redenoticia.com.br\/noticia\/imagens\/cara-e-coragem-400x225.jpg 400w, https:\/\/migracao.redenoticia.com.br\/noticia\/imagens\/cara-e-coragem-768x432.jpg 768w, https:\/\/migracao.redenoticia.com.br\/noticia\/imagens\/cara-e-coragem-150x84.jpg 150w\" sizes=\"auto, (max-width: 1280px) 100vw, 1280px\" \/><\/p>\n<p><strong><em>Resumo da novela \u201cCara e Coragem\u201d<\/em><\/strong> em 12\/08: no cap\u00edtulo 065(*) da novela, Lou grita por ajuda e consegue sair do apartamento de Renan. Rico estranha o atraso de Lou. Enzo percebe um clima entre Ol\u00edvia e Alfredo na padaria de Milton. Rico acredita que foi Renan quem prendeu Lou em casa. Pat, Moa e \u00cdtalo n\u00e3o entregam a f\u00f3rmula para Jonathan. Danilo confessa a Rebeca que possui neg\u00f3cios il\u00edcitos. Jonathan pede Anita em namoro.<\/p>\n<p>Alfredo conta para Milton que se separou de Pat. Anita e Marcia comentam sobre o clima entre Lucas e J\u00e9ssica. Lou amea\u00e7a se afastar de Rico se ele continuar implicando com Renan. Lucas convida J\u00e9ssica para sair com ele. Renan faz Lou acreditar que \u00e9 a culpada pelo sumi\u00e7o de sua chave e de seu celular. Rico leva Marcinha para um almo\u00e7o na casa dos pais e a apresenta para Teca e Gustavo. Pat percebe que est\u00e1 sendo seguida.<\/p>\n<p>(*) edi\u00e7\u00e3o das novelas da Globo, \u201cCara e Coragem\u201d, sujeito a altera\u00e7\u00e3o de data e conte\u00fado.<\/p>\n<p>Sinopse \u201cCara e Coragem\u201d: Os dubl\u00eas profissionais Pat e Moa ter\u00e3o seus caminhos tra\u00e7ados com o da empres\u00e1ria Clarice Gusm\u00e3o, diretora da Sider\u00fargica Gusm\u00e3o e inventora de uma f\u00f3rmula secreta milion\u00e1ria, que ser\u00e1 invejada por Leonardo, irm\u00e3o de Clarice, sua amante Regina, e Danilo, tamb\u00e9m empres\u00e1rio.<\/p>\n<p>Enquanto os dubl\u00eas se descobrir\u00e3o apaixonados um pelo outro, mesmo que eles n\u00e3o admitam, Clarice ter\u00e1 um caso com \u00cdtalo, um instrutor de parkur, al\u00e9m de outros segredos obscuros dentro da trama. Uma reviravolta em sua vida acontece ao descobrir a exist\u00eancia de Anita, uma s\u00f3sia sua, mas com uma personalidade totalmente oposta.<\/p>\n","protected":false},"excerpt":{"rendered":"<p>Resumo da novela \u201cCara e Coragem\u201d em 12\/08: no cap\u00edtulo 065(*) da novela, Lou grita por ajuda e consegue sair do apartamento de Renan. Rico estranha o atraso de Lou. Enzo percebe um clima entre Ol\u00edvia e Alfredo na padaria de Milton. Rico acredita que foi Renan quem prendeu Lou em casa. Pat, Moa e [&hellip;]<\/p>\n","protected":false},"author":2,"featured_media":220185,"comment_status":"open","ping_status":"closed","sticky":false,"template":"","format":"standard","meta":{"tdm_status":"","tdm_grid_status":"","footnotes":""},"categories":[2281,379,375,2025,343],"tags":[441],"class_list":{"0":"post-222876","1":"post","2":"type-post","3":"status-publish","4":"format-standard","5":"has-post-thumbnail","7":"category-cara-e-coragem","8":"category-novelas","9":"category-rede-globo","10":"category-resumo","11":"category-televisao","12":"tag-resumo-do-dia"},"_links":{"self":[{"href":"https:\/\/migracao.redenoticia.com.br\/noticia\/wp-json\/wp\/v2\/posts\/222876","targetHints":{"allow":["GET"]}}],"collection":[{"href":"https:\/\/migracao.redenoticia.com.br\/noticia\/wp-json\/wp\/v2\/posts"}],"about":[{"href":"https:\/\/migracao.redenoticia.com.br\/noticia\/wp-json\/wp\/v2\/types\/post"}],"author":[{"embeddable":true,"href":"https:\/\/migracao.redenoticia.com.br\/noticia\/wp-json\/wp\/v2\/users\/2"}],"replies":[{"embeddable":true,"href":"https:\/\/migracao.redenoticia.com.br\/noticia\/wp-json\/wp\/v2\/comments?post=222876"}],"version-history":[{"count":0,"href":"https:\/\/migracao.redenoticia.com.br\/noticia\/wp-json\/wp\/v2\/posts\/222876\/revisions"}],"wp:featuredmedia":[{"embeddable":true,"href":"https:\/\/migracao.redenoticia.com.br\/noticia\/wp-json\/wp\/v2\/media\/220185"}],"wp:attachment":[{"href":"https:\/\/migracao.redenoticia.com.br\/noticia\/wp-json\/wp\/v2\/media?parent=222876"}],"wp:term":[{"taxonomy":"category","embeddable":true,"href":"https:\/\/migracao.redenoticia.com.br\/noticia\/wp-json\/wp\/v2\/categories?post=222876"},{"taxonomy":"post_tag","embeddable":true,"href":"https:\/\/migracao.redenoticia.com.br\/noticia\/wp-json\/wp\/v2\/tags?post=222876"}],"curies":[{"name":"wp","href":"https:\/\/api.w.org\/{rel}","templated":true}]}}