{"id":222936,"date":"2022-08-14T11:54:22","date_gmt":"2022-08-14T14:54:22","guid":{"rendered":"https:\/\/www.redenoticia.com.br\/noticia\/?p=222936"},"modified":"2022-08-14T14:20:10","modified_gmt":"2022-08-14T17:20:10","slug":"resumo-cara-e-coragem-15-08-pat-descobre-que-italo-teve-um-romance-com-clarice","status":"publish","type":"post","link":"https:\/\/migracao.redenoticia.com.br\/noticia\/2022\/resumo-cara-e-coragem-15-08-pat-descobre-que-italo-teve-um-romance-com-clarice\/222936","title":{"rendered":"Resumo \u201cCara e Coragem\u201d 15\/08: Pat descobre que \u00cdtalo teve um romance com Clarice"},"content":{"rendered":"<p> <img loading=\"lazy\" decoding=\"async\" src=\"https:\/\/migracao.redenoticia.com.br\/noticia\/imagens\/cara-e-coragem.jpg\" alt=\"\" width=\"1280\" height=\"720\" class=\"aligncenter size-full wp-image-220184\" srcset=\"https:\/\/migracao.redenoticia.com.br\/noticia\/imagens\/cara-e-coragem.jpg 1280w, https:\/\/migracao.redenoticia.com.br\/noticia\/imagens\/cara-e-coragem-250x140.jpg 250w, https:\/\/migracao.redenoticia.com.br\/noticia\/imagens\/cara-e-coragem-400x225.jpg 400w, https:\/\/migracao.redenoticia.com.br\/noticia\/imagens\/cara-e-coragem-768x432.jpg 768w, https:\/\/migracao.redenoticia.com.br\/noticia\/imagens\/cara-e-coragem-150x84.jpg 150w\" sizes=\"auto, (max-width: 1280px) 100vw, 1280px\" \/><\/p>\n<p><strong><em>Resumo da novela \u201cCara e Coragem\u201d<\/em><\/strong> em 15\/08: no cap\u00edtulo 067(*) da novela, \u00cdtalo se entristece com a revela\u00e7\u00e3o de Anita sobre Jonathan. Marcela manda Paulo investigar a explos\u00e3o do carro de Pat e o desaparecimento de Baby. Jonathan conta para Pat que \u00cdtalo tinha um relacionamento com Clarice quando ela morreu. Rebeca indaga Danilo sobre o suposto assalto. Danilo obriga Bob Wright a fingir que tamb\u00e9m apanhou durante o assalto, mas Rebeca percebe que os machucados dele s\u00e3o falsos.<\/p>\n<p>Gui repara que Alfredo e Pat n\u00e3o est\u00e3o bem. Milton incentiva Alfredo a investir em Ol\u00edvia. A mando de Leonardo, Regina tenta seduzir Kak\u00e1 Bezerra para acessar o cofre da Coragem.com. Renan se irrita ao ver Rico na companhia de dan\u00e7a e briga com Lou. Pat e Moa perguntam por que \u00cdtalo omitiu que namorava Clarice.<br \/>\n(*) edi\u00e7\u00e3o das novelas da Globo, \u201cCara e Coragem\u201d, sujeito a altera\u00e7\u00e3o de data e conte\u00fado.<\/p>\n<p>Sinopse \u201cCara e Coragem\u201d: Os dubl\u00eas profissionais Pat e Moa ter\u00e3o seus caminhos tra\u00e7ados com o da empres\u00e1ria Clarice Gusm\u00e3o, diretora da Sider\u00fargica Gusm\u00e3o e inventora de uma f\u00f3rmula secreta milion\u00e1ria, que ser\u00e1 invejada por Leonardo, irm\u00e3o de Clarice, sua amante Regina, e Danilo, tamb\u00e9m empres\u00e1rio.<\/p>\n<p>Enquanto os dubl\u00eas se descobrir\u00e3o apaixonados um pelo outro, mesmo que eles n\u00e3o admitam, Clarice ter\u00e1 um caso com \u00cdtalo, um instrutor de parkur, al\u00e9m de outros segredos obscuros dentro da trama. Uma reviravolta em sua vida acontece ao descobrir a exist\u00eancia de Anita, uma s\u00f3sia sua, mas com uma personalidade totalmente oposta.<\/p>\n","protected":false},"excerpt":{"rendered":"<p>Resumo da novela \u201cCara e Coragem\u201d em 15\/08: no cap\u00edtulo 067(*) da novela, \u00cdtalo se entristece com a revela\u00e7\u00e3o de Anita sobre Jonathan. Marcela manda Paulo investigar a explos\u00e3o do carro de Pat e o desaparecimento de Baby. Jonathan conta para Pat que \u00cdtalo tinha um relacionamento com Clarice quando ela morreu. Rebeca indaga Danilo [&hellip;]<\/p>\n","protected":false},"author":2,"featured_media":220185,"comment_status":"open","ping_status":"closed","sticky":false,"template":"","format":"standard","meta":{"tdm_status":"","tdm_grid_status":"","footnotes":""},"categories":[2281,379,375,2025,343],"tags":[441],"class_list":{"0":"post-222936","1":"post","2":"type-post","3":"status-publish","4":"format-standard","5":"has-post-thumbnail","7":"category-cara-e-coragem","8":"category-novelas","9":"category-rede-globo","10":"category-resumo","11":"category-televisao","12":"tag-resumo-do-dia"},"_links":{"self":[{"href":"https:\/\/migracao.redenoticia.com.br\/noticia\/wp-json\/wp\/v2\/posts\/222936","targetHints":{"allow":["GET"]}}],"collection":[{"href":"https:\/\/migracao.redenoticia.com.br\/noticia\/wp-json\/wp\/v2\/posts"}],"about":[{"href":"https:\/\/migracao.redenoticia.com.br\/noticia\/wp-json\/wp\/v2\/types\/post"}],"author":[{"embeddable":true,"href":"https:\/\/migracao.redenoticia.com.br\/noticia\/wp-json\/wp\/v2\/users\/2"}],"replies":[{"embeddable":true,"href":"https:\/\/migracao.redenoticia.com.br\/noticia\/wp-json\/wp\/v2\/comments?post=222936"}],"version-history":[{"count":0,"href":"https:\/\/migracao.redenoticia.com.br\/noticia\/wp-json\/wp\/v2\/posts\/222936\/revisions"}],"wp:featuredmedia":[{"embeddable":true,"href":"https:\/\/migracao.redenoticia.com.br\/noticia\/wp-json\/wp\/v2\/media\/220185"}],"wp:attachment":[{"href":"https:\/\/migracao.redenoticia.com.br\/noticia\/wp-json\/wp\/v2\/media?parent=222936"}],"wp:term":[{"taxonomy":"category","embeddable":true,"href":"https:\/\/migracao.redenoticia.com.br\/noticia\/wp-json\/wp\/v2\/categories?post=222936"},{"taxonomy":"post_tag","embeddable":true,"href":"https:\/\/migracao.redenoticia.com.br\/noticia\/wp-json\/wp\/v2\/tags?post=222936"}],"curies":[{"name":"wp","href":"https:\/\/api.w.org\/{rel}","templated":true}]}}