{"id":223054,"date":"2022-08-17T15:31:11","date_gmt":"2022-08-17T18:31:11","guid":{"rendered":"https:\/\/www.redenoticia.com.br\/noticia\/?p=223054"},"modified":"2022-08-17T15:31:11","modified_gmt":"2022-08-17T18:31:11","slug":"resumo-a-favorita-18-08-elias-quase-flagra-dedina-e-damiao","status":"publish","type":"post","link":"https:\/\/migracao.redenoticia.com.br\/noticia\/2022\/resumo-a-favorita-18-08-elias-quase-flagra-dedina-e-damiao\/223054","title":{"rendered":"Resumo &#8220;A Favorita&#8221; 18\/08: Elias quase flagra Dedina e Dami\u00e3o"},"content":{"rendered":"<p> <img loading=\"lazy\" decoding=\"async\" src=\"https:\/\/migracao.redenoticia.com.br\/noticia\/imagens\/afavorita2.jpg\" alt=\"\" width=\"1280\" height=\"720\" class=\"aligncenter size-full wp-image-219854\" srcset=\"https:\/\/migracao.redenoticia.com.br\/noticia\/imagens\/afavorita2.jpg 1280w, https:\/\/migracao.redenoticia.com.br\/noticia\/imagens\/afavorita2-250x140.jpg 250w, https:\/\/migracao.redenoticia.com.br\/noticia\/imagens\/afavorita2-400x225.jpg 400w, https:\/\/migracao.redenoticia.com.br\/noticia\/imagens\/afavorita2-768x432.jpg 768w, https:\/\/migracao.redenoticia.com.br\/noticia\/imagens\/afavorita2-150x84.jpg 150w\" sizes=\"auto, (max-width: 1280px) 100vw, 1280px\" \/><\/p>\n<p><em><strong>Resumo da novela &#8220;A Favorita&#8221;<\/strong><\/em> em 18\/08: no cap\u00edtulo 069(*) da novela, Halley tenta se livrar dos capangas contratados por Flora. Lara fica preocupada com a demora de Halley. Cilene diz a Irene que n\u00e3o est\u00e1 se sentindo bem. Donatela tenta conversar com Shiva sobre a m\u00e3e, mas n\u00e3o tem sucesso. Flora manda os capangas soltarem Halley. Halley chega ao rancho. Silveirinha tenta convencer Cilene de que Halley poder\u00e1 ficar muito rico ao se casar com Lara.<\/p>\n<p>Cilene fica chocada com as inten\u00e7\u00f5es de Silveirinha. Flora revela a Silveirinha que decidiu dar um jeito em Cilene, antes que ela se encontre com Halley. Flora d\u00e1 instru\u00e7\u00f5es a Dodi. Leonardo pressiona Mariana a dizer quem \u00e9 o pai de seu beb\u00ea. C\u00e9u fica chocada ao encontrar Cassiano de bra\u00e7o dado com Al\u00edcia em um restaurante. C\u00e9u diz a Al\u00edcia que j\u00e1 foi namorada de Cassiano. Orlandinho pede a C\u00e9u para n\u00e3o arrumar confus\u00e3o. Cassiano conta a Al\u00edcia que C\u00e9u fez de tudo para separ\u00e1-lo de Lara. Greice fica espantada com a confus\u00e3o na casa de Amelinha.<\/p>\n<p>C\u00e9u derruba uma ta\u00e7a de vinho em Al\u00edcia. As duas discutem. Donatela sente falta de Z\u00e9 Bob. Aleph entra em contato com Z\u00e9 Bob e sugere que ele procure Pepe para saber mais informa\u00e7\u00f5es sobre a Blue Diamond. Elias quase flagra Dedina e Dami\u00e3o. Cilene d\u00e1 uma carta para Luma entregar a Halley, caso lhe aconte\u00e7a alguma coisa. Manu espia a conversa. Dodi aborda Cilene.<\/p>\n<p>(*) edi\u00e7\u00e3o das novelas da Globo, &#8220;A Favorita&#8221;, sujeito a altera\u00e7\u00e3o de data e conte\u00fado.<\/p>\n<p>Sinopse &#8220;A Favorita&#8221;: Donatela perdeu seus pais num acidente de carro e foi adotada pela fam\u00edlia de Flora, assim, as duas cresceram como irm\u00e3s. Elas sempre tiveram talento para o canto e chegaram a formar uma dupla sertaneja: Fa\u00edsca e Espoleta. As cantoras fizeram sucesso, mas sua carreira foi interrompida depois que conheceram os amigos Marcelo e Dodi. Donatela casou-se com Marcelo e Flora com Dodi, mas o casamento da primeira foi conturbado. O primeiro filho do casal desapareceu com seis meses de idade, e al\u00e9m disso, Flora teve um caso com o marido da melhor amiga, j\u00e1 separada de Dodi e dessa rela\u00e7\u00e3o nasceu Lara, o que a distanciou ainda mais de sua irm\u00e3 de cria\u00e7\u00e3o.<\/p>\n<p>No pior momento de disc\u00f3rdia entre as duas, Marcelo \u00e9 assassinado, e a culpa recai sobre Flora, que foi pega com a arma do crime, sendo sentenciada a dezoito anos de reclus\u00e3o, separando-se assim de sua filha, que \u00e9 adotada e criada por Donatela. Ao sair da pris\u00e3o, Flora quer provar sua inoc\u00eancia, com a ideia de que a verdadeira culpada foi sua ex-amiga. Donatela, por sua vez, faz de tudo para que Lara n\u00e3o se aproxime de sua m\u00e3e biol\u00f3gica, e a menina se torna o alvo da disputa entre as duas.<\/p>\n","protected":false},"excerpt":{"rendered":"<p>Resumo da novela &#8220;A Favorita&#8221; em 18\/08: no cap\u00edtulo 069(*) da novela, Halley tenta se livrar dos capangas contratados por Flora. Lara fica preocupada com a demora de Halley. Cilene diz a Irene que n\u00e3o est\u00e1 se sentindo bem. Donatela tenta conversar com Shiva sobre a m\u00e3e, mas n\u00e3o tem sucesso. Flora manda os capangas [&hellip;]<\/p>\n","protected":false},"author":2,"featured_media":219850,"comment_status":"closed","ping_status":"closed","sticky":false,"template":"","format":"standard","meta":{"tdm_status":"","tdm_grid_status":"","footnotes":""},"categories":[2278,379,375,2025,343],"tags":[441],"class_list":{"0":"post-223054","1":"post","2":"type-post","3":"status-publish","4":"format-standard","5":"has-post-thumbnail","7":"category-a-favorita","8":"category-novelas","9":"category-rede-globo","10":"category-resumo","11":"category-televisao","12":"tag-resumo-do-dia"},"_links":{"self":[{"href":"https:\/\/migracao.redenoticia.com.br\/noticia\/wp-json\/wp\/v2\/posts\/223054","targetHints":{"allow":["GET"]}}],"collection":[{"href":"https:\/\/migracao.redenoticia.com.br\/noticia\/wp-json\/wp\/v2\/posts"}],"about":[{"href":"https:\/\/migracao.redenoticia.com.br\/noticia\/wp-json\/wp\/v2\/types\/post"}],"author":[{"embeddable":true,"href":"https:\/\/migracao.redenoticia.com.br\/noticia\/wp-json\/wp\/v2\/users\/2"}],"replies":[{"embeddable":true,"href":"https:\/\/migracao.redenoticia.com.br\/noticia\/wp-json\/wp\/v2\/comments?post=223054"}],"version-history":[{"count":0,"href":"https:\/\/migracao.redenoticia.com.br\/noticia\/wp-json\/wp\/v2\/posts\/223054\/revisions"}],"wp:featuredmedia":[{"embeddable":true,"href":"https:\/\/migracao.redenoticia.com.br\/noticia\/wp-json\/wp\/v2\/media\/219850"}],"wp:attachment":[{"href":"https:\/\/migracao.redenoticia.com.br\/noticia\/wp-json\/wp\/v2\/media?parent=223054"}],"wp:term":[{"taxonomy":"category","embeddable":true,"href":"https:\/\/migracao.redenoticia.com.br\/noticia\/wp-json\/wp\/v2\/categories?post=223054"},{"taxonomy":"post_tag","embeddable":true,"href":"https:\/\/migracao.redenoticia.com.br\/noticia\/wp-json\/wp\/v2\/tags?post=223054"}],"curies":[{"name":"wp","href":"https:\/\/api.w.org\/{rel}","templated":true}]}}