{"id":223199,"date":"2022-08-22T15:37:50","date_gmt":"2022-08-22T18:37:50","guid":{"rendered":"https:\/\/www.redenoticia.com.br\/noticia\/?p=223199"},"modified":"2022-08-22T15:37:50","modified_gmt":"2022-08-22T18:37:50","slug":"resumo-poliana-moca-23-08-helena-joao-e-song-duvidam-da-depressao-de-eric","status":"publish","type":"post","link":"https:\/\/migracao.redenoticia.com.br\/noticia\/2022\/resumo-poliana-moca-23-08-helena-joao-e-song-duvidam-da-depressao-de-eric\/223199","title":{"rendered":"Resumo \u201cPoliana Mo\u00e7a\u201d 23\/08: Helena, Jo\u00e3o e Song duvidam da depress\u00e3o de Eric"},"content":{"rendered":"<p> <img loading=\"lazy\" decoding=\"async\" class=\"aligncenter size-full wp-image-217353\" src=\"https:\/\/migracao.redenoticia.com.br\/noticia\/imagens\/poliana_moca_elenco.jpg\" alt=\"\" width=\"1280\" height=\"720\" srcset=\"https:\/\/migracao.redenoticia.com.br\/noticia\/imagens\/poliana_moca_elenco.jpg 1280w, https:\/\/migracao.redenoticia.com.br\/noticia\/imagens\/poliana_moca_elenco-250x140.jpg 250w, https:\/\/migracao.redenoticia.com.br\/noticia\/imagens\/poliana_moca_elenco-400x225.jpg 400w, https:\/\/migracao.redenoticia.com.br\/noticia\/imagens\/poliana_moca_elenco-768x432.jpg 768w, https:\/\/migracao.redenoticia.com.br\/noticia\/imagens\/poliana_moca_elenco-150x84.jpg 150w\" sizes=\"auto, (max-width: 1280px) 100vw, 1280px\" \/><\/p>\n<p><strong><em>Resumo da novela \u201cPoliana Mo\u00e7a\u201d<\/em><\/strong> em 23\/08: no cap\u00edtulo 117(*) da novela, os vil\u00f5es discutem a porcentagem de lucro perante a venda do Pin\u00f3quio. O novo menino de verdade deseja sair do esconderijo. O sistema de g\u00e1s n\u00e3o funciona na casa de Raquel; ela chama Andr\u00e9, o rapaz tira a camisa para fazer a manuten\u00e7\u00e3o. Celeste se encanta pelo corpo de Andr\u00e9 e Raquel fica com ci\u00fames.<\/p>\n<p>\u00c9ric falta novamente na escola e Poliana fica triste. Joana coloca S\u00e9rgio na parede e mostra foto da suposta namorada do ex-marido. Claudia briga com Joana e alega que est\u00e1 cansada do assunto sobre o S\u00e9rgio. Brenda, Celeste e Raquel, ao lado de Luca, divulgam na Ruth Goulart, o novo projeto: \u201cSele\u00e7\u00e3o Novos Creators- Em busca do Maior Influenciador do Pa\u00eds\u201d. A turma do colegial vai para o clube e avista \u00c9ric na rede ouvindo m\u00fasica.<\/p>\n<p>Helena, Jo\u00e3o, e Song duvidam da depress\u00e3o do menino. Lu\u00edsa come\u00e7a a dar aula de pintura no CLL; a artista pl\u00e1stica cuida do beb\u00ea de uma aluna e se encanta. Poliana aborda \u00c9ric e revela estar preocupada com sua sa\u00fade e comportamento.<\/p>\n<p>(*) edi\u00e7\u00e3o das novelas do SBT, \u201cPoliana Mo\u00e7a\u201d, sujeito a altera\u00e7\u00e3o de data e conte\u00fado.<\/p>\n<p>Sinopse \u201cPoliana Mo\u00e7a\u201d: Poliana (Sophia Valverde), agora com 15 anos, precisa enfrentar os dilemas t\u00edpicos da adolesc\u00eancia, como os dramas escolares, os planos para o futuro e a descoberta do amor entre o ex-valent\u00e3o Eric (Lucas Burgatti) e seu melhor amigo Jo\u00e3o (Igor Jansen), encontrando em Helena (Lu\u00edsa Bresser) uma rival no cora\u00e7\u00e3o dos dois.<\/p>\n","protected":false},"excerpt":{"rendered":"<p>Resumo da novela \u201cPoliana Mo\u00e7a\u201d em 23\/08: no cap\u00edtulo 117(*) da novela, os vil\u00f5es discutem a porcentagem de lucro perante a venda do Pin\u00f3quio. O novo menino de verdade deseja sair do esconderijo. O sistema de g\u00e1s n\u00e3o funciona na casa de Raquel; ela chama Andr\u00e9, o rapaz tira a camisa para fazer a manuten\u00e7\u00e3o. [&hellip;]<\/p>\n","protected":false},"author":2,"featured_media":217354,"comment_status":"closed","ping_status":"closed","sticky":false,"template":"","format":"standard","meta":{"tdm_status":"","tdm_grid_status":"","footnotes":""},"categories":[379,2259,2025,372,343],"tags":[441],"class_list":{"0":"post-223199","1":"post","2":"type-post","3":"status-publish","4":"format-standard","5":"has-post-thumbnail","7":"category-novelas","8":"category-poliana-moca","9":"category-resumo","10":"category-sbt","11":"category-televisao","12":"tag-resumo-do-dia"},"_links":{"self":[{"href":"https:\/\/migracao.redenoticia.com.br\/noticia\/wp-json\/wp\/v2\/posts\/223199","targetHints":{"allow":["GET"]}}],"collection":[{"href":"https:\/\/migracao.redenoticia.com.br\/noticia\/wp-json\/wp\/v2\/posts"}],"about":[{"href":"https:\/\/migracao.redenoticia.com.br\/noticia\/wp-json\/wp\/v2\/types\/post"}],"author":[{"embeddable":true,"href":"https:\/\/migracao.redenoticia.com.br\/noticia\/wp-json\/wp\/v2\/users\/2"}],"replies":[{"embeddable":true,"href":"https:\/\/migracao.redenoticia.com.br\/noticia\/wp-json\/wp\/v2\/comments?post=223199"}],"version-history":[{"count":0,"href":"https:\/\/migracao.redenoticia.com.br\/noticia\/wp-json\/wp\/v2\/posts\/223199\/revisions"}],"wp:featuredmedia":[{"embeddable":true,"href":"https:\/\/migracao.redenoticia.com.br\/noticia\/wp-json\/wp\/v2\/media\/217354"}],"wp:attachment":[{"href":"https:\/\/migracao.redenoticia.com.br\/noticia\/wp-json\/wp\/v2\/media?parent=223199"}],"wp:term":[{"taxonomy":"category","embeddable":true,"href":"https:\/\/migracao.redenoticia.com.br\/noticia\/wp-json\/wp\/v2\/categories?post=223199"},{"taxonomy":"post_tag","embeddable":true,"href":"https:\/\/migracao.redenoticia.com.br\/noticia\/wp-json\/wp\/v2\/tags?post=223199"}],"curies":[{"name":"wp","href":"https:\/\/api.w.org\/{rel}","templated":true}]}}