{"id":223207,"date":"2022-08-22T15:42:53","date_gmt":"2022-08-22T18:42:53","guid":{"rendered":"https:\/\/www.redenoticia.com.br\/noticia\/?p=223207"},"modified":"2022-08-22T15:42:53","modified_gmt":"2022-08-22T18:42:53","slug":"resumo-cara-e-coragem-23-08-kaka-confessa-ter-aberto-o-cofre-com-regina","status":"publish","type":"post","link":"https:\/\/migracao.redenoticia.com.br\/noticia\/2022\/resumo-cara-e-coragem-23-08-kaka-confessa-ter-aberto-o-cofre-com-regina\/223207","title":{"rendered":"Resumo \u201cCara e Coragem\u201d 23\/08: Kak\u00e1 confessa ter aberto o cofre com Regina"},"content":{"rendered":"<p> <img loading=\"lazy\" decoding=\"async\" src=\"https:\/\/migracao.redenoticia.com.br\/noticia\/imagens\/cara-e-coragem.jpg\" alt=\"\" width=\"1280\" height=\"720\" class=\"aligncenter size-full wp-image-220184\" srcset=\"https:\/\/migracao.redenoticia.com.br\/noticia\/imagens\/cara-e-coragem.jpg 1280w, https:\/\/migracao.redenoticia.com.br\/noticia\/imagens\/cara-e-coragem-250x140.jpg 250w, https:\/\/migracao.redenoticia.com.br\/noticia\/imagens\/cara-e-coragem-400x225.jpg 400w, https:\/\/migracao.redenoticia.com.br\/noticia\/imagens\/cara-e-coragem-768x432.jpg 768w, https:\/\/migracao.redenoticia.com.br\/noticia\/imagens\/cara-e-coragem-150x84.jpg 150w\" sizes=\"auto, (max-width: 1280px) 100vw, 1280px\" \/><\/p>\n<p><strong><em>Resumo da novela \u201cCara e Coragem\u201d<\/em><\/strong> em 23\/08: no cap\u00edtulo 074(*) da novela, Leonardo conta para Regina que viu Clarice. Andrea desabafa com Hugo sobre o t\u00e9rmino com Moa. Moa diz a Rebeca que Danilo \u00e9 perigoso e que tem feito amea\u00e7as. Renan percebe Lou olhando para Rico e M\u00e1rcia. Regina fala com Danilo que teme que Leonardo desista de entregar a f\u00f3rmula aos compradores. Leonardo diz para Martha que fez as pazes com Clarice, e a m\u00e3e estranha o comportamento do filho. Pat, Moa e \u00cdtalo pressionam Kak\u00e1, que confessa ter aberto o cofre com Regina.<\/p>\n<p>Kak\u00e1 \u00e9 demitido da Coragem.com. Lucas investiga Duarte e pega a ficha dele na sala de Ol\u00edvia. Pat e Moa procuram Jonathan para saber sobre a evolu\u00e7\u00e3o da f\u00f3rmula. Dalva conta para Armandinho que Cleide vai reabrir a \u00caxito. \u00cdtalo pergunta a Regina sobre a liga\u00e7\u00e3o que Leonardo tem com Danilo. Lucas descobre o segredo do passado de Duarte e questiona J\u00e9ssica. Andrea encontra Bob na casa de Teca. Pat e Moa se beijam. Rebeca conversa com Danilo no apartamento de Moa.<br \/>\n(*) edi\u00e7\u00e3o das novelas da Globo, \u201cCara e Coragem\u201d, sujeito a altera\u00e7\u00e3o de data e conte\u00fado.<\/p>\n<p>Sinopse \u201cCara e Coragem\u201d: Os dubl\u00eas profissionais Pat e Moa ter\u00e3o seus caminhos tra\u00e7ados com o da empres\u00e1ria Clarice Gusm\u00e3o, diretora da Sider\u00fargica Gusm\u00e3o e inventora de uma f\u00f3rmula secreta milion\u00e1ria, que ser\u00e1 invejada por Leonardo, irm\u00e3o de Clarice, sua amante Regina, e Danilo, tamb\u00e9m empres\u00e1rio.<\/p>\n<p>Enquanto os dubl\u00eas se descobrir\u00e3o apaixonados um pelo outro, mesmo que eles n\u00e3o admitam, Clarice ter\u00e1 um caso com \u00cdtalo, um instrutor de parkur, al\u00e9m de outros segredos obscuros dentro da trama. Uma reviravolta em sua vida acontece ao descobrir a exist\u00eancia de Anita, uma s\u00f3sia sua, mas com uma personalidade totalmente oposta.<\/p>\n","protected":false},"excerpt":{"rendered":"<p>Resumo da novela \u201cCara e Coragem\u201d em 23\/08: no cap\u00edtulo 074(*) da novela, Leonardo conta para Regina que viu Clarice. Andrea desabafa com Hugo sobre o t\u00e9rmino com Moa. Moa diz a Rebeca que Danilo \u00e9 perigoso e que tem feito amea\u00e7as. Renan percebe Lou olhando para Rico e M\u00e1rcia. Regina fala com Danilo que [&hellip;]<\/p>\n","protected":false},"author":2,"featured_media":220185,"comment_status":"closed","ping_status":"closed","sticky":false,"template":"","format":"standard","meta":{"tdm_status":"","tdm_grid_status":"","footnotes":""},"categories":[2281,379,375,2025,343],"tags":[441],"class_list":{"0":"post-223207","1":"post","2":"type-post","3":"status-publish","4":"format-standard","5":"has-post-thumbnail","7":"category-cara-e-coragem","8":"category-novelas","9":"category-rede-globo","10":"category-resumo","11":"category-televisao","12":"tag-resumo-do-dia"},"_links":{"self":[{"href":"https:\/\/migracao.redenoticia.com.br\/noticia\/wp-json\/wp\/v2\/posts\/223207","targetHints":{"allow":["GET"]}}],"collection":[{"href":"https:\/\/migracao.redenoticia.com.br\/noticia\/wp-json\/wp\/v2\/posts"}],"about":[{"href":"https:\/\/migracao.redenoticia.com.br\/noticia\/wp-json\/wp\/v2\/types\/post"}],"author":[{"embeddable":true,"href":"https:\/\/migracao.redenoticia.com.br\/noticia\/wp-json\/wp\/v2\/users\/2"}],"replies":[{"embeddable":true,"href":"https:\/\/migracao.redenoticia.com.br\/noticia\/wp-json\/wp\/v2\/comments?post=223207"}],"version-history":[{"count":0,"href":"https:\/\/migracao.redenoticia.com.br\/noticia\/wp-json\/wp\/v2\/posts\/223207\/revisions"}],"wp:featuredmedia":[{"embeddable":true,"href":"https:\/\/migracao.redenoticia.com.br\/noticia\/wp-json\/wp\/v2\/media\/220185"}],"wp:attachment":[{"href":"https:\/\/migracao.redenoticia.com.br\/noticia\/wp-json\/wp\/v2\/media?parent=223207"}],"wp:term":[{"taxonomy":"category","embeddable":true,"href":"https:\/\/migracao.redenoticia.com.br\/noticia\/wp-json\/wp\/v2\/categories?post=223207"},{"taxonomy":"post_tag","embeddable":true,"href":"https:\/\/migracao.redenoticia.com.br\/noticia\/wp-json\/wp\/v2\/tags?post=223207"}],"curies":[{"name":"wp","href":"https:\/\/api.w.org\/{rel}","templated":true}]}}