{"id":223236,"date":"2022-08-23T14:53:22","date_gmt":"2022-08-23T17:53:22","guid":{"rendered":"https:\/\/www.redenoticia.com.br\/noticia\/?p=223236"},"modified":"2022-08-23T14:53:22","modified_gmt":"2022-08-23T17:53:22","slug":"resumo-a-favorita-24-08-donatela-empurra-flora-de-uma-escada","status":"publish","type":"post","link":"https:\/\/migracao.redenoticia.com.br\/noticia\/2022\/resumo-a-favorita-24-08-donatela-empurra-flora-de-uma-escada\/223236","title":{"rendered":"Resumo &#8220;A Favorita&#8221; 24\/08: Donatela empurra Flora de uma escada"},"content":{"rendered":"<p> <img loading=\"lazy\" decoding=\"async\" src=\"https:\/\/migracao.redenoticia.com.br\/noticia\/imagens\/afavorita2.jpg\" alt=\"\" width=\"1280\" height=\"720\" class=\"aligncenter size-full wp-image-219854\" srcset=\"https:\/\/migracao.redenoticia.com.br\/noticia\/imagens\/afavorita2.jpg 1280w, https:\/\/migracao.redenoticia.com.br\/noticia\/imagens\/afavorita2-250x140.jpg 250w, https:\/\/migracao.redenoticia.com.br\/noticia\/imagens\/afavorita2-400x225.jpg 400w, https:\/\/migracao.redenoticia.com.br\/noticia\/imagens\/afavorita2-768x432.jpg 768w, https:\/\/migracao.redenoticia.com.br\/noticia\/imagens\/afavorita2-150x84.jpg 150w\" sizes=\"auto, (max-width: 1280px) 100vw, 1280px\" \/><\/p>\n<p><em><strong>Resumo da novela &#8220;A Favorita&#8221;<\/strong><\/em> em 24\/08: no cap\u00edtulo 073(*) da novela, Lara conta a Flora que ficou confusa ao ver Cassiano. Flora leva Z\u00e9 Bob e Lara para a pista de dan\u00e7a. Pepe d\u00e1 apoio a Donatela. Al\u00edcia apresenta Cassiano aos jornalistas. C\u00e9u se apresenta aos jornalistas como a mulher que Cassiano mais amou na vida. Halley tem certeza de que Cilene est\u00e1 escondendo algo sobre seu passado. Lara acha estranho que Cassiano esteja saindo com Al\u00edcia. Lara pergunta a Flora se n\u00e3o seria melhor ela se interessar por outro homem, j\u00e1 que sua hist\u00f3ria com Z\u00e9 Bob \u00e9 complicada. Flora explica que ainda gosta muito do jornalista. Donatela ouve tudo chorando. Augusto C\u00e9sar se enterra em um buraco no s\u00edtio e avisa a Shiva que s\u00f3 sair\u00e1 quando Rosana voltar.<\/p>\n<p>O filme de Al\u00edcia sobre Romildo \u00e9 vaiado e aplaudido ao mesmo tempo. C\u00e9u arma uma confus\u00e3o com Al\u00edcia. Donatela se aproxima de Flora e Z\u00e9 Bob na pista de dan\u00e7a. Flora desconfia de que a mulher que passou por ela \u00e9 Donatela. Z\u00e9 Bob diz a Flora que Donatela est\u00e1 morta. Flora vai atr\u00e1s da mulher mascarada. Donatela percebe e se mescla \u00e0 multid\u00e3o. Flora tira a m\u00e1scara da mulher errada. Catarina leva um bolo de presente para Stela e acaba presenciando a serenata que Leonardo faz para a dona do restaurante. Catarina se sente humilhada. Stela diz a Catarina que nunca \u00e9 tarde para recome\u00e7ar.<\/p>\n<p>Cilene acusa Manu pelo roubo da carta. Manu promete manter segredo sobre a origem de Halley, se tiver mais regalias dentro de casa. Donatela empurra Flora de uma escada. Z\u00e9 Bob acode Flora. Donatela diz a Pepe que j\u00e1 pode ir embora da festa. Flora tenta convencer Z\u00e9 Bob de que foi Donatela que a empurrou. Z\u00e9 Bob pede para Rita sair da casa de Romildo. Halley conta a C\u00e9u e Orlandinho que ir\u00e1 se mudar. Catarina decide sair de casa e pede abrigo a Copola. Cilene pede para Halley ficar longe de Flora. Halley procura Silveirinha e se surpreende ao encontrar Flora no apartamento do pai.<\/p>\n<p>(*) edi\u00e7\u00e3o das novelas da Globo, &#8220;A Favorita&#8221;, sujeito a altera\u00e7\u00e3o de data e conte\u00fado.<\/p>\n<p>Sinopse &#8220;A Favorita&#8221;: Donatela perdeu seus pais num acidente de carro e foi adotada pela fam\u00edlia de Flora, assim, as duas cresceram como irm\u00e3s. Elas sempre tiveram talento para o canto e chegaram a formar uma dupla sertaneja: Fa\u00edsca e Espoleta. As cantoras fizeram sucesso, mas sua carreira foi interrompida depois que conheceram os amigos Marcelo e Dodi. Donatela casou-se com Marcelo e Flora com Dodi, mas o casamento da primeira foi conturbado. O primeiro filho do casal desapareceu com seis meses de idade, e al\u00e9m disso, Flora teve um caso com o marido da melhor amiga, j\u00e1 separada de Dodi e dessa rela\u00e7\u00e3o nasceu Lara, o que a distanciou ainda mais de sua irm\u00e3 de cria\u00e7\u00e3o.<\/p>\n<p>No pior momento de disc\u00f3rdia entre as duas, Marcelo \u00e9 assassinado, e a culpa recai sobre Flora, que foi pega com a arma do crime, sendo sentenciada a dezoito anos de reclus\u00e3o, separando-se assim de sua filha, que \u00e9 adotada e criada por Donatela. Ao sair da pris\u00e3o, Flora quer provar sua inoc\u00eancia, com a ideia de que a verdadeira culpada foi sua ex-amiga. Donatela, por sua vez, faz de tudo para que Lara n\u00e3o se aproxime de sua m\u00e3e biol\u00f3gica, e a menina se torna o alvo da disputa entre as duas.<\/p>\n","protected":false},"excerpt":{"rendered":"<p>Resumo da novela &#8220;A Favorita&#8221; em 24\/08: no cap\u00edtulo 073(*) da novela, Lara conta a Flora que ficou confusa ao ver Cassiano. Flora leva Z\u00e9 Bob e Lara para a pista de dan\u00e7a. Pepe d\u00e1 apoio a Donatela. Al\u00edcia apresenta Cassiano aos jornalistas. C\u00e9u se apresenta aos jornalistas como a mulher que Cassiano mais amou [&hellip;]<\/p>\n","protected":false},"author":2,"featured_media":219850,"comment_status":"closed","ping_status":"closed","sticky":false,"template":"","format":"standard","meta":{"tdm_status":"","tdm_grid_status":"","footnotes":""},"categories":[2278,379,375,2025,343],"tags":[441],"class_list":{"0":"post-223236","1":"post","2":"type-post","3":"status-publish","4":"format-standard","5":"has-post-thumbnail","7":"category-a-favorita","8":"category-novelas","9":"category-rede-globo","10":"category-resumo","11":"category-televisao","12":"tag-resumo-do-dia"},"_links":{"self":[{"href":"https:\/\/migracao.redenoticia.com.br\/noticia\/wp-json\/wp\/v2\/posts\/223236","targetHints":{"allow":["GET"]}}],"collection":[{"href":"https:\/\/migracao.redenoticia.com.br\/noticia\/wp-json\/wp\/v2\/posts"}],"about":[{"href":"https:\/\/migracao.redenoticia.com.br\/noticia\/wp-json\/wp\/v2\/types\/post"}],"author":[{"embeddable":true,"href":"https:\/\/migracao.redenoticia.com.br\/noticia\/wp-json\/wp\/v2\/users\/2"}],"replies":[{"embeddable":true,"href":"https:\/\/migracao.redenoticia.com.br\/noticia\/wp-json\/wp\/v2\/comments?post=223236"}],"version-history":[{"count":0,"href":"https:\/\/migracao.redenoticia.com.br\/noticia\/wp-json\/wp\/v2\/posts\/223236\/revisions"}],"wp:featuredmedia":[{"embeddable":true,"href":"https:\/\/migracao.redenoticia.com.br\/noticia\/wp-json\/wp\/v2\/media\/219850"}],"wp:attachment":[{"href":"https:\/\/migracao.redenoticia.com.br\/noticia\/wp-json\/wp\/v2\/media?parent=223236"}],"wp:term":[{"taxonomy":"category","embeddable":true,"href":"https:\/\/migracao.redenoticia.com.br\/noticia\/wp-json\/wp\/v2\/categories?post=223236"},{"taxonomy":"post_tag","embeddable":true,"href":"https:\/\/migracao.redenoticia.com.br\/noticia\/wp-json\/wp\/v2\/tags?post=223236"}],"curies":[{"name":"wp","href":"https:\/\/api.w.org\/{rel}","templated":true}]}}