{"id":22336,"date":"2010-01-24T23:09:09","date_gmt":"2010-01-25T03:09:09","guid":{"rendered":"http:\/\/www.redenoticia.com.br\/noticia\/?p=22336"},"modified":"2010-01-24T23:09:09","modified_gmt":"2010-01-25T03:09:09","slug":"rede-record-%e2%80%93-leozinho-coloca-o-pe-na-estrada-em-a-fazenda","status":"publish","type":"post","link":"https:\/\/migracao.redenoticia.com.br\/noticia\/2010\/rede-record-%e2%80%93-leozinho-coloca-o-pe-na-estrada-em-a-fazenda\/22336","title":{"rendered":"Rede Record \u2013 Leozinho coloca o p\u00e9 na estrada em A Fazenda"},"content":{"rendered":"<p><strong><em><span style=\"font-style: normal; font-weight: normal;\"><img loading=\"lazy\" decoding=\"async\" class=\"alignleft size-full wp-image-17419\" title=\"a fazenda\" src=\"https:\/\/migracao.redenoticia.com.br\/noticia\/imagens\/a-fazenda.jpg\" alt=\"\" width=\"300\" height=\"193\" srcset=\"https:\/\/migracao.redenoticia.com.br\/noticia\/imagens\/a-fazenda.jpg 300w, https:\/\/migracao.redenoticia.com.br\/noticia\/imagens\/a-fazenda-250x160.jpg 250w, https:\/\/migracao.redenoticia.com.br\/noticia\/imagens\/a-fazenda-150x96.jpg 150w\" sizes=\"auto, (max-width: 300px) 100vw, 300px\" \/><\/span>Rede Record <\/em><\/strong>\u2013 na noite deste domingo (24\/01) Leozinho, indicado para a ro\u00e7a pelo fazendeiro Igor Cotrim, recebeu a maioria dos votos do p\u00fablico e colocou o p\u00e9 na estrada em A Fazenda da Rede Record.\u00a0Em disputa com Andr\u00e8 Segatti, indicado pelos votos da maioria dos participantes, e Karina Bachi, que perdeu a disputa semanal, Leozinho recebeu 53 % dos votos do p\u00fablico, segundo a auditoria e divulga\u00e7\u00e3o da Rede Record.<\/p>\n<p>Antes da elimina\u00e7\u00e3o de A Fazenda, aconteceu mais uma prova ao vivo pela Rede Record para definir o premiado do carro da semana. Igor n\u00e3o pode participar por ter sido escolhido o fazendeiro da semana. Karina e Mateus tiveram uma vantagem em rela\u00e7\u00e3o a Leozinho e Andr\u00e9 Segatti, por terem acumulado mais pontos durante a semana. A disputa ao vivo pela Rede Record consistiu em cortar cordas que suspendiam um carro. Karina Bachi teve mais sorte e ficou com o pr\u00eamio.<\/p>\n<p>Agora \u00e9 a reta final do programa A Fazenda da Rede Record. Nesta semana ser\u00e1 implementada nova regra, diversas disputas e n\u00e3o haver\u00e1 mais Fazendeiro da semana.<\/p>\n<p>Rede Record \u2013 A Fazenda<\/p>\n","protected":false},"excerpt":{"rendered":"<p>Rede Record \u2013 na noite deste domingo (24\/01) Leozinho, indicado para a ro\u00e7a pelo fazendeiro Igor Cotrim, recebeu a maioria dos votos do p\u00fablico e colocou o p\u00e9 na estrada em A Fazenda da Rede Record.\u00a0Em disputa com Andr\u00e8 Segatti, indicado pelos votos da maioria dos participantes, e Karina Bachi, que perdeu a disputa semanal, [&hellip;]<\/p>\n","protected":false},"author":3,"featured_media":17419,"comment_status":"open","ping_status":"open","sticky":false,"template":"","format":"standard","meta":{"tdm_status":"","tdm_grid_status":"","footnotes":""},"categories":[22,371,343],"tags":[],"class_list":{"0":"post-22336","1":"post","2":"type-post","3":"status-publish","4":"format-standard","5":"has-post-thumbnail","7":"category-brasil","8":"category-rede-record","9":"category-televisao"},"_links":{"self":[{"href":"https:\/\/migracao.redenoticia.com.br\/noticia\/wp-json\/wp\/v2\/posts\/22336","targetHints":{"allow":["GET"]}}],"collection":[{"href":"https:\/\/migracao.redenoticia.com.br\/noticia\/wp-json\/wp\/v2\/posts"}],"about":[{"href":"https:\/\/migracao.redenoticia.com.br\/noticia\/wp-json\/wp\/v2\/types\/post"}],"author":[{"embeddable":true,"href":"https:\/\/migracao.redenoticia.com.br\/noticia\/wp-json\/wp\/v2\/users\/3"}],"replies":[{"embeddable":true,"href":"https:\/\/migracao.redenoticia.com.br\/noticia\/wp-json\/wp\/v2\/comments?post=22336"}],"version-history":[{"count":0,"href":"https:\/\/migracao.redenoticia.com.br\/noticia\/wp-json\/wp\/v2\/posts\/22336\/revisions"}],"wp:featuredmedia":[{"embeddable":true,"href":"https:\/\/migracao.redenoticia.com.br\/noticia\/wp-json\/wp\/v2\/media\/17419"}],"wp:attachment":[{"href":"https:\/\/migracao.redenoticia.com.br\/noticia\/wp-json\/wp\/v2\/media?parent=22336"}],"wp:term":[{"taxonomy":"category","embeddable":true,"href":"https:\/\/migracao.redenoticia.com.br\/noticia\/wp-json\/wp\/v2\/categories?post=22336"},{"taxonomy":"post_tag","embeddable":true,"href":"https:\/\/migracao.redenoticia.com.br\/noticia\/wp-json\/wp\/v2\/tags?post=22336"}],"curies":[{"name":"wp","href":"https:\/\/api.w.org\/{rel}","templated":true}]}}