{"id":223409,"date":"2022-08-25T16:24:12","date_gmt":"2022-08-25T19:24:12","guid":{"rendered":"https:\/\/www.redenoticia.com.br\/noticia\/?p=223409"},"modified":"2022-08-25T16:24:12","modified_gmt":"2022-08-25T19:24:12","slug":"resumo-cara-e-coragem-26-08-anita-procura-martha-na-mansao","status":"publish","type":"post","link":"https:\/\/migracao.redenoticia.com.br\/noticia\/2022\/resumo-cara-e-coragem-26-08-anita-procura-martha-na-mansao\/223409","title":{"rendered":"Resumo \u201cCara e Coragem\u201d 26\/08: Anita procura Martha na mans\u00e3o"},"content":{"rendered":"<p> <img loading=\"lazy\" decoding=\"async\" src=\"https:\/\/migracao.redenoticia.com.br\/noticia\/imagens\/cara-e-coragem.jpg\" alt=\"\" width=\"1280\" height=\"720\" class=\"aligncenter size-full wp-image-220184\" srcset=\"https:\/\/migracao.redenoticia.com.br\/noticia\/imagens\/cara-e-coragem.jpg 1280w, https:\/\/migracao.redenoticia.com.br\/noticia\/imagens\/cara-e-coragem-250x140.jpg 250w, https:\/\/migracao.redenoticia.com.br\/noticia\/imagens\/cara-e-coragem-400x225.jpg 400w, https:\/\/migracao.redenoticia.com.br\/noticia\/imagens\/cara-e-coragem-768x432.jpg 768w, https:\/\/migracao.redenoticia.com.br\/noticia\/imagens\/cara-e-coragem-150x84.jpg 150w\" sizes=\"auto, (max-width: 1280px) 100vw, 1280px\" \/><\/p>\n<p><strong><em>Resumo da novela \u201cCara e Coragem\u201d<\/em><\/strong> em 26\/08: no cap\u00edtulo 077(*) da novela, Anita conta para \u00cdtalo que encontrou Leonardo no cemit\u00e9rio. Danilo n\u00e3o consegue convencer Leonardo a mudar de ideia sobre a venda da f\u00f3rmula. Gustavo finge para Marcela n\u00e3o conhecer os documentos que foram encontrados com Baby. Danilo descobre que Rebeca est\u00e1 sem o celular com rastreador. Rebeca \u00e9 seguida na rua.<\/p>\n<p>Rico e Lou se beijam. Jonathan se surpreende quando Leonardo avisa que n\u00e3o tem mais interesse na f\u00f3rmula. Gustavo questiona Danilo sobre os documentos que estavam com Baby. Alfredo leva Ol\u00edvia para conhecer seus filhos. Danilo se surpreende quando Pat e Moa avisam que n\u00e3o ir\u00e3o entregar a f\u00f3rmula para ele. Rebeca \u00e9 sequestrada, e Danilo fica apavorado. Anita procura Martha na mans\u00e3o.<br \/>\n(*) edi\u00e7\u00e3o das novelas da Globo, \u201cCara e Coragem\u201d, sujeito a altera\u00e7\u00e3o de data e conte\u00fado.<\/p>\n<p>Sinopse \u201cCara e Coragem\u201d: Os dubl\u00eas profissionais Pat e Moa ter\u00e3o seus caminhos tra\u00e7ados com o da empres\u00e1ria Clarice Gusm\u00e3o, diretora da Sider\u00fargica Gusm\u00e3o e inventora de uma f\u00f3rmula secreta milion\u00e1ria, que ser\u00e1 invejada por Leonardo, irm\u00e3o de Clarice, sua amante Regina, e Danilo, tamb\u00e9m empres\u00e1rio.<\/p>\n<p>Enquanto os dubl\u00eas se descobrir\u00e3o apaixonados um pelo outro, mesmo que eles n\u00e3o admitam, Clarice ter\u00e1 um caso com \u00cdtalo, um instrutor de parkur, al\u00e9m de outros segredos obscuros dentro da trama. Uma reviravolta em sua vida acontece ao descobrir a exist\u00eancia de Anita, uma s\u00f3sia sua, mas com uma personalidade totalmente oposta.<\/p>\n","protected":false},"excerpt":{"rendered":"<p>Resumo da novela \u201cCara e Coragem\u201d em 26\/08: no cap\u00edtulo 077(*) da novela, Anita conta para \u00cdtalo que encontrou Leonardo no cemit\u00e9rio. Danilo n\u00e3o consegue convencer Leonardo a mudar de ideia sobre a venda da f\u00f3rmula. Gustavo finge para Marcela n\u00e3o conhecer os documentos que foram encontrados com Baby. Danilo descobre que Rebeca est\u00e1 sem [&hellip;]<\/p>\n","protected":false},"author":2,"featured_media":220185,"comment_status":"closed","ping_status":"closed","sticky":false,"template":"","format":"standard","meta":{"tdm_status":"","tdm_grid_status":"","footnotes":""},"categories":[2281,379,375,2025,343],"tags":[441],"class_list":{"0":"post-223409","1":"post","2":"type-post","3":"status-publish","4":"format-standard","5":"has-post-thumbnail","7":"category-cara-e-coragem","8":"category-novelas","9":"category-rede-globo","10":"category-resumo","11":"category-televisao","12":"tag-resumo-do-dia"},"_links":{"self":[{"href":"https:\/\/migracao.redenoticia.com.br\/noticia\/wp-json\/wp\/v2\/posts\/223409","targetHints":{"allow":["GET"]}}],"collection":[{"href":"https:\/\/migracao.redenoticia.com.br\/noticia\/wp-json\/wp\/v2\/posts"}],"about":[{"href":"https:\/\/migracao.redenoticia.com.br\/noticia\/wp-json\/wp\/v2\/types\/post"}],"author":[{"embeddable":true,"href":"https:\/\/migracao.redenoticia.com.br\/noticia\/wp-json\/wp\/v2\/users\/2"}],"replies":[{"embeddable":true,"href":"https:\/\/migracao.redenoticia.com.br\/noticia\/wp-json\/wp\/v2\/comments?post=223409"}],"version-history":[{"count":0,"href":"https:\/\/migracao.redenoticia.com.br\/noticia\/wp-json\/wp\/v2\/posts\/223409\/revisions"}],"wp:featuredmedia":[{"embeddable":true,"href":"https:\/\/migracao.redenoticia.com.br\/noticia\/wp-json\/wp\/v2\/media\/220185"}],"wp:attachment":[{"href":"https:\/\/migracao.redenoticia.com.br\/noticia\/wp-json\/wp\/v2\/media?parent=223409"}],"wp:term":[{"taxonomy":"category","embeddable":true,"href":"https:\/\/migracao.redenoticia.com.br\/noticia\/wp-json\/wp\/v2\/categories?post=223409"},{"taxonomy":"post_tag","embeddable":true,"href":"https:\/\/migracao.redenoticia.com.br\/noticia\/wp-json\/wp\/v2\/tags?post=223409"}],"curies":[{"name":"wp","href":"https:\/\/api.w.org\/{rel}","templated":true}]}}