{"id":2235,"date":"2009-06-01T22:08:34","date_gmt":"2009-06-02T02:08:34","guid":{"rendered":"http:\/\/www.redenoticia.com.br\/noticia\/?p=2235"},"modified":"2009-06-01T22:09:41","modified_gmt":"2009-06-02T02:09:41","slug":"ulbra-ji-parana-promove-semana-mundial-do-meio-ambiente","status":"publish","type":"post","link":"https:\/\/migracao.redenoticia.com.br\/noticia\/2009\/ulbra-ji-parana-promove-semana-mundial-do-meio-ambiente\/2235","title":{"rendered":"ULBRA Ji-Paran\u00e1 promove Semana Mundial do Meio Ambiente"},"content":{"rendered":"<p class=\"MsoNormal\" style=\"background: #9dd8e5 none repeat scroll 0%; line-height: 15.6pt;\"><span style=\"font-size: 11pt; font-family: Arial; display: none;\"> <\/span><\/p>\n<p class=\"MsoNormal\" style=\"margin-bottom: 3.75pt; line-height: 15.6pt;\"><strong><\/strong><span style=\"font-size: 11pt; font-family: Arial;\"><a href=\"https:\/\/migracao.redenoticia.com.br\/noticia\/imagens\/\/meioamb.jpg\"><img loading=\"lazy\" decoding=\"async\" class=\"alignleft size-full wp-image-2234\" title=\"meioamb\" src=\"https:\/\/migracao.redenoticia.com.br\/noticia\/imagens\/\/meioamb.jpg\" alt=\"meioamb\" width=\"150\" height=\"113\" \/><\/a>O curso de Ci\u00eancias Biol\u00f3gicas do CEULJI\/ULBRA em Ji-Paran\u00e1 &#8211; Rond\u00f4nia estar\u00e1 promovendo at\u00e9 a pr\u00f3xima sexta-feira (05) a Semana Mundial do Meio Ambiente, na Institui\u00e7\u00e3o.<\/span><\/p>\n<p class=\"MsoNormal\" style=\"margin-bottom: 3.75pt; line-height: 15.6pt;\"><span style=\"font-size: 11pt; font-family: Arial;\"><br \/>\nCom o tema \u201cA Terra n\u00e3o nos pertence&#8230; N\u00f3s que pertencemos a ela\u201d, o curso de Ci\u00eancias Biol\u00f3gicas estar\u00e1 realizando diversas atividades no CEULJI\/ULBRA, como exposi\u00e7\u00f5es, cantorias, poesia de cordel, artesanato, reciclagem, bingo da natureza, teste da pegada ecol\u00f3gica, o uso de bag ecol\u00f3gicas e canetas para o fim dos pl\u00e1sticos descart\u00e1veis e a redu\u00e7\u00e3o do lixo.<\/span><\/p>\n<p>A coordenadora do curso, professora Cleide Rezende de Souza, convida todos os acad\u00eamicos a participarem desta atividade. \u201cLembramos que a conserva\u00e7\u00e3o do nosso planeta \u00e9 responsabilidade de todos n\u00f3s\u201d, destacou a professora.<\/p>\n<p class=\"MsoNormal\"><span style=\"font-size: 11pt; font-family: Arial;\"> <\/span><\/p>\n<p class=\"MsoNormal\" style=\"line-height: 15.6pt;\"><span style=\"font-size: 11pt; font-family: Arial;\">Escrito por Alexandre Almeida <\/span><\/p>\n","protected":false},"excerpt":{"rendered":"<p>O curso de Ci\u00eancias Biol\u00f3gicas do CEULJI\/ULBRA em Ji-Paran\u00e1 &#8211; Rond\u00f4nia estar\u00e1 promovendo at\u00e9 a pr\u00f3xima sexta-feira (05) a Semana Mundial do Meio Ambiente, na Institui\u00e7\u00e3o. Com o tema \u201cA Terra n\u00e3o nos pertence&#8230; N\u00f3s que pertencemos a ela\u201d, o curso de Ci\u00eancias Biol\u00f3gicas estar\u00e1 realizando diversas atividades no CEULJI\/ULBRA, como exposi\u00e7\u00f5es, cantorias, poesia de [&hellip;]<\/p>\n","protected":false},"author":3,"featured_media":0,"comment_status":"open","ping_status":"open","sticky":false,"template":"","format":"standard","meta":{"tdm_status":"","tdm_grid_status":"","footnotes":""},"categories":[22],"tags":[],"class_list":{"0":"post-2235","1":"post","2":"type-post","3":"status-publish","4":"format-standard","6":"category-brasil"},"_links":{"self":[{"href":"https:\/\/migracao.redenoticia.com.br\/noticia\/wp-json\/wp\/v2\/posts\/2235","targetHints":{"allow":["GET"]}}],"collection":[{"href":"https:\/\/migracao.redenoticia.com.br\/noticia\/wp-json\/wp\/v2\/posts"}],"about":[{"href":"https:\/\/migracao.redenoticia.com.br\/noticia\/wp-json\/wp\/v2\/types\/post"}],"author":[{"embeddable":true,"href":"https:\/\/migracao.redenoticia.com.br\/noticia\/wp-json\/wp\/v2\/users\/3"}],"replies":[{"embeddable":true,"href":"https:\/\/migracao.redenoticia.com.br\/noticia\/wp-json\/wp\/v2\/comments?post=2235"}],"version-history":[{"count":0,"href":"https:\/\/migracao.redenoticia.com.br\/noticia\/wp-json\/wp\/v2\/posts\/2235\/revisions"}],"wp:attachment":[{"href":"https:\/\/migracao.redenoticia.com.br\/noticia\/wp-json\/wp\/v2\/media?parent=2235"}],"wp:term":[{"taxonomy":"category","embeddable":true,"href":"https:\/\/migracao.redenoticia.com.br\/noticia\/wp-json\/wp\/v2\/categories?post=2235"},{"taxonomy":"post_tag","embeddable":true,"href":"https:\/\/migracao.redenoticia.com.br\/noticia\/wp-json\/wp\/v2\/tags?post=2235"}],"curies":[{"name":"wp","href":"https:\/\/api.w.org\/{rel}","templated":true}]}}