{"id":223620,"date":"2022-09-01T16:37:15","date_gmt":"2022-09-01T19:37:15","guid":{"rendered":"https:\/\/www.redenoticia.com.br\/noticia\/?p=223620"},"modified":"2022-09-01T16:37:15","modified_gmt":"2022-09-01T19:37:15","slug":"resumo-o-cravo-e-a-rosa-02-09-bianca-lembra-que-contou-segredo-do-cofre-a-marcela","status":"publish","type":"post","link":"https:\/\/migracao.redenoticia.com.br\/noticia\/2022\/resumo-o-cravo-e-a-rosa-02-09-bianca-lembra-que-contou-segredo-do-cofre-a-marcela\/223620","title":{"rendered":"Resumo &#8220;O Cravo e a Rosa&#8221; 02\/09: Bianca lembra que contou segredo do cofre a Marcela"},"content":{"rendered":"<p> <img loading=\"lazy\" decoding=\"async\" src=\"https:\/\/migracao.redenoticia.com.br\/noticia\/imagens\/o-cravo-e-a-rosa-elenco-resumo-sinopse.jpeg\" alt=\"\" width=\"1280\" height=\"720\" class=\"aligncenter size-full wp-image-213217\" srcset=\"https:\/\/migracao.redenoticia.com.br\/noticia\/imagens\/o-cravo-e-a-rosa-elenco-resumo-sinopse.jpeg 1280w, https:\/\/migracao.redenoticia.com.br\/noticia\/imagens\/o-cravo-e-a-rosa-elenco-resumo-sinopse-250x140.jpeg 250w, https:\/\/migracao.redenoticia.com.br\/noticia\/imagens\/o-cravo-e-a-rosa-elenco-resumo-sinopse-400x225.jpeg 400w, https:\/\/migracao.redenoticia.com.br\/noticia\/imagens\/o-cravo-e-a-rosa-elenco-resumo-sinopse-768x432.jpeg 768w, https:\/\/migracao.redenoticia.com.br\/noticia\/imagens\/o-cravo-e-a-rosa-elenco-resumo-sinopse-150x85.jpeg 150w\" sizes=\"auto, (max-width: 1280px) 100vw, 1280px\" \/><\/p>\n<p><em><strong>Resumo da novela &#8220;O Cravo e a Rosa&#8221;<\/strong><\/em> em 02\/09: no cap\u00edtulo 192(*) da novela, Catarina se decepciona ao saber que o envelope est\u00e1 vazio. Dinor\u00e1 acha que Celso est\u00e1 sofrendo de saudades dela. Ele, no entanto, pensa em Candoca. B\u00e1rbara pede explica\u00e7\u00f5es por escrito para o mudinho. <\/p>\n<p>Batista confessa que pegou o envelope das ap\u00f3lices, mas depois viu que estava cheio de documentos velhos. Catarina desconfia de Marcela. Heitor chega com o anel e Bianca concorda em marcar a data. O delegado n\u00e3o est\u00e1 convicto da culpa de Edmundo. Joana continua sem responder.<\/p>\n<p>Corn\u00e9lio obriga Dinor\u00e1 a cortar e lixar as unhas de seu p\u00e9. F\u00e1bio se horroriza ao ver Felisberto. Joaquim assina o documento que deserda Marcela. Ezequiel conta para Marcela que a herdeira agora \u00e9 a porquinha. Catarina quer saber se Marcela conhecia a combina\u00e7\u00e3o do cofre. Bianca lembra-se de ter contado o segredo para Marcela. Ezequiel \u00e9 encarregado de buscar Lindinha. Petruchio e Catarina brigam no meio da rua. Lindinha avisa a Janu\u00e1rio que Kiki \u00e9 uma mulher com passado. Ele finge n\u00e3o ligar e ela se morde de ci\u00fames.<\/p>\n<p>(*) edi\u00e7\u00e3o das novelas da Globo, &#8220;O Cravo e a Rosa&#8221;, sujeito a altera\u00e7\u00e3o de data e conte\u00fado.<\/p>\n<p>Sinopse &#8220;O Cravo e a Rosa&#8221;: Catarina Batista \u00e9 uma mulher moderna, na r\u00edgida sociedade paulista da d\u00e9cada de 1920, que recusa o papel feminino de se restringir a lavar ceroulas em um tanque. Juli\u00e3o Petruchio \u00e9 um homem rude, para quem a mulher deve ser a &#8220;rainha do lar&#8221;. Duas pessoas t\u00e3o diferentes vivem um romance contradit\u00f3rio.<\/p>\n<p>Conhecida como &#8216;a fera&#8217;, por botar todos os seus pretendentes para correr, Catarina vai esbarrar na teimosia c\u00ednica de Petruchio que, inicialmente, decide conquist\u00e1-la para, com o dote do casamento, salvar sua fazenda de ser hipotecada. Eles acabam se apaixonando, mas n\u00e3o d\u00e3o o bra\u00e7o a torcer, vivenciando cenas muito bem-humoradas de discuss\u00f5es e brigas vulc\u00e2nicas. Ele fingindo-se de &#8216;cordeirinho&#8217;, e ela cada vez mais furiosa com sua insist\u00eancia.<\/p>\n","protected":false},"excerpt":{"rendered":"<p>Resumo da novela &#8220;O Cravo e a Rosa&#8221; em 02\/09: no cap\u00edtulo 192(*) da novela, Catarina se decepciona ao saber que o envelope est\u00e1 vazio. Dinor\u00e1 acha que Celso est\u00e1 sofrendo de saudades dela. Ele, no entanto, pensa em Candoca. B\u00e1rbara pede explica\u00e7\u00f5es por escrito para o mudinho. Batista confessa que pegou o envelope das [&hellip;]<\/p>\n","protected":false},"author":2,"featured_media":213218,"comment_status":"closed","ping_status":"closed","sticky":false,"template":"","format":"standard","meta":{"tdm_status":"","tdm_grid_status":"","footnotes":""},"categories":[379,2227,375,2025,343],"tags":[441],"class_list":{"0":"post-223620","1":"post","2":"type-post","3":"status-publish","4":"format-standard","5":"has-post-thumbnail","7":"category-novelas","8":"category-o-cravo-e-a-rosa","9":"category-rede-globo","10":"category-resumo","11":"category-televisao","12":"tag-resumo-do-dia"},"_links":{"self":[{"href":"https:\/\/migracao.redenoticia.com.br\/noticia\/wp-json\/wp\/v2\/posts\/223620","targetHints":{"allow":["GET"]}}],"collection":[{"href":"https:\/\/migracao.redenoticia.com.br\/noticia\/wp-json\/wp\/v2\/posts"}],"about":[{"href":"https:\/\/migracao.redenoticia.com.br\/noticia\/wp-json\/wp\/v2\/types\/post"}],"author":[{"embeddable":true,"href":"https:\/\/migracao.redenoticia.com.br\/noticia\/wp-json\/wp\/v2\/users\/2"}],"replies":[{"embeddable":true,"href":"https:\/\/migracao.redenoticia.com.br\/noticia\/wp-json\/wp\/v2\/comments?post=223620"}],"version-history":[{"count":0,"href":"https:\/\/migracao.redenoticia.com.br\/noticia\/wp-json\/wp\/v2\/posts\/223620\/revisions"}],"wp:featuredmedia":[{"embeddable":true,"href":"https:\/\/migracao.redenoticia.com.br\/noticia\/wp-json\/wp\/v2\/media\/213218"}],"wp:attachment":[{"href":"https:\/\/migracao.redenoticia.com.br\/noticia\/wp-json\/wp\/v2\/media?parent=223620"}],"wp:term":[{"taxonomy":"category","embeddable":true,"href":"https:\/\/migracao.redenoticia.com.br\/noticia\/wp-json\/wp\/v2\/categories?post=223620"},{"taxonomy":"post_tag","embeddable":true,"href":"https:\/\/migracao.redenoticia.com.br\/noticia\/wp-json\/wp\/v2\/tags?post=223620"}],"curies":[{"name":"wp","href":"https:\/\/api.w.org\/{rel}","templated":true}]}}