{"id":223648,"date":"2022-09-04T10:14:32","date_gmt":"2022-09-04T13:14:32","guid":{"rendered":"https:\/\/www.redenoticia.com.br\/noticia\/?p=223648"},"modified":"2022-09-04T10:16:46","modified_gmt":"2022-09-04T13:16:46","slug":"resumo-o-cravo-e-a-rosa-05-09-petruchio-propoe-um-encontro-a-sos-com-marcela","status":"publish","type":"post","link":"https:\/\/migracao.redenoticia.com.br\/noticia\/2022\/resumo-o-cravo-e-a-rosa-05-09-petruchio-propoe-um-encontro-a-sos-com-marcela\/223648","title":{"rendered":"Resumo &#8220;O Cravo e a Rosa&#8221; 05\/09: Petruchio prop\u00f5e um encontro a s\u00f3s com Marcela"},"content":{"rendered":"<p> <img loading=\"lazy\" decoding=\"async\" src=\"https:\/\/migracao.redenoticia.com.br\/noticia\/imagens\/o-cravo-e-a-rosa-elenco-resumo-sinopse.jpeg\" alt=\"\" width=\"1280\" height=\"720\" class=\"aligncenter size-full wp-image-213217\" srcset=\"https:\/\/migracao.redenoticia.com.br\/noticia\/imagens\/o-cravo-e-a-rosa-elenco-resumo-sinopse.jpeg 1280w, https:\/\/migracao.redenoticia.com.br\/noticia\/imagens\/o-cravo-e-a-rosa-elenco-resumo-sinopse-250x140.jpeg 250w, https:\/\/migracao.redenoticia.com.br\/noticia\/imagens\/o-cravo-e-a-rosa-elenco-resumo-sinopse-400x225.jpeg 400w, https:\/\/migracao.redenoticia.com.br\/noticia\/imagens\/o-cravo-e-a-rosa-elenco-resumo-sinopse-768x432.jpeg 768w, https:\/\/migracao.redenoticia.com.br\/noticia\/imagens\/o-cravo-e-a-rosa-elenco-resumo-sinopse-150x85.jpeg 150w\" sizes=\"auto, (max-width: 1280px) 100vw, 1280px\" \/><\/p>\n<p><em><strong>Resumo da novela &#8220;O Cravo e a Rosa&#8221;<\/strong><\/em> em 05\/09: no cap\u00edtulo 193(*) da novela,  Josefa pensa que \u00e9 a benefici\u00e1ria do testamento. Joaquim a pede em casamento. Felisberto usa a palmat\u00f3ria e o mudinho emite sons. Corn\u00e9lio percebe que admira Dalva e que ela pode ser a salva\u00e7\u00e3o para a sua solid\u00e3o. <\/p>\n<p>Mimosa pede um beijo a Calixto, que foge correndo com as cal\u00e7as pegando fogo. Corn\u00e9lio fica pasmo ao encontrar Serafim cortejando Dalva. Joana come\u00e7a a se mexer. Batista se emociona. O m\u00e9dico avisa que Joana precisar\u00e1 deixar o hospital e, se n\u00e3o tiver para onde ir, ser\u00e1 mandada para uma casa de caridade. Marcela briga com Batista porque ele foi visitar Joana.<\/p>\n<p>Petruchio se diverte ao ver Calixto com o traseiro queimado. Lindinha est\u00e1 furiosa com o desprezo de Janu\u00e1rio. Calixto diz que n\u00e3o pode casar com Mimosa, porque ela pode morrer na lua de mel. Catarina atira um vaso em Petruchio, ele n\u00e3o revida, mas vai dormir na palha. O ladr\u00e3o e seu comparsa entram no Comit\u00ea Eleitoral, mas s\u00e3o surpreendidos por um guarda. S\u00e3o colocados na mesma cela que Edmundo. Marcela pede que Lindinha assine um documento vendendo a porquinha para ela e nada conte para Janu\u00e1rio. Josefa aceita o pedido. Petruchio prop\u00f5e um encontro a s\u00f3s com Marcela.<\/p>\n<p>(*) edi\u00e7\u00e3o das novelas da Globo, &#8220;O Cravo e a Rosa&#8221;, sujeito a altera\u00e7\u00e3o de data e conte\u00fado.<\/p>\n<p>Sinopse &#8220;O Cravo e a Rosa&#8221;: Catarina Batista \u00e9 uma mulher moderna, na r\u00edgida sociedade paulista da d\u00e9cada de 1920, que recusa o papel feminino de se restringir a lavar ceroulas em um tanque. Juli\u00e3o Petruchio \u00e9 um homem rude, para quem a mulher deve ser a &#8220;rainha do lar&#8221;. Duas pessoas t\u00e3o diferentes vivem um romance contradit\u00f3rio.<\/p>\n<p>Conhecida como &#8216;a fera&#8217;, por botar todos os seus pretendentes para correr, Catarina vai esbarrar na teimosia c\u00ednica de Petruchio que, inicialmente, decide conquist\u00e1-la para, com o dote do casamento, salvar sua fazenda de ser hipotecada. Eles acabam se apaixonando, mas n\u00e3o d\u00e3o o bra\u00e7o a torcer, vivenciando cenas muito bem-humoradas de discuss\u00f5es e brigas vulc\u00e2nicas. Ele fingindo-se de &#8216;cordeirinho&#8217;, e ela cada vez mais furiosa com sua insist\u00eancia.<\/p>\n","protected":false},"excerpt":{"rendered":"<p>Resumo da novela &#8220;O Cravo e a Rosa&#8221; em 05\/09: no cap\u00edtulo 193(*) da novela, Josefa pensa que \u00e9 a benefici\u00e1ria do testamento. Joaquim a pede em casamento. Felisberto usa a palmat\u00f3ria e o mudinho emite sons. Corn\u00e9lio percebe que admira Dalva e que ela pode ser a salva\u00e7\u00e3o para a sua solid\u00e3o. Mimosa pede [&hellip;]<\/p>\n","protected":false},"author":2,"featured_media":213218,"comment_status":"closed","ping_status":"closed","sticky":false,"template":"","format":"standard","meta":{"tdm_status":"","tdm_grid_status":"","footnotes":""},"categories":[379,2227,375,2025,343],"tags":[441],"class_list":{"0":"post-223648","1":"post","2":"type-post","3":"status-publish","4":"format-standard","5":"has-post-thumbnail","7":"category-novelas","8":"category-o-cravo-e-a-rosa","9":"category-rede-globo","10":"category-resumo","11":"category-televisao","12":"tag-resumo-do-dia"},"_links":{"self":[{"href":"https:\/\/migracao.redenoticia.com.br\/noticia\/wp-json\/wp\/v2\/posts\/223648","targetHints":{"allow":["GET"]}}],"collection":[{"href":"https:\/\/migracao.redenoticia.com.br\/noticia\/wp-json\/wp\/v2\/posts"}],"about":[{"href":"https:\/\/migracao.redenoticia.com.br\/noticia\/wp-json\/wp\/v2\/types\/post"}],"author":[{"embeddable":true,"href":"https:\/\/migracao.redenoticia.com.br\/noticia\/wp-json\/wp\/v2\/users\/2"}],"replies":[{"embeddable":true,"href":"https:\/\/migracao.redenoticia.com.br\/noticia\/wp-json\/wp\/v2\/comments?post=223648"}],"version-history":[{"count":0,"href":"https:\/\/migracao.redenoticia.com.br\/noticia\/wp-json\/wp\/v2\/posts\/223648\/revisions"}],"wp:featuredmedia":[{"embeddable":true,"href":"https:\/\/migracao.redenoticia.com.br\/noticia\/wp-json\/wp\/v2\/media\/213218"}],"wp:attachment":[{"href":"https:\/\/migracao.redenoticia.com.br\/noticia\/wp-json\/wp\/v2\/media?parent=223648"}],"wp:term":[{"taxonomy":"category","embeddable":true,"href":"https:\/\/migracao.redenoticia.com.br\/noticia\/wp-json\/wp\/v2\/categories?post=223648"},{"taxonomy":"post_tag","embeddable":true,"href":"https:\/\/migracao.redenoticia.com.br\/noticia\/wp-json\/wp\/v2\/tags?post=223648"}],"curies":[{"name":"wp","href":"https:\/\/api.w.org\/{rel}","templated":true}]}}