{"id":223722,"date":"2022-09-05T19:59:43","date_gmt":"2022-09-05T22:59:43","guid":{"rendered":"https:\/\/www.redenoticia.com.br\/noticia\/?p=223722"},"modified":"2022-09-05T19:59:43","modified_gmt":"2022-09-05T22:59:43","slug":"resumo-cara-e-coragem-06-09-italo-conta-que-a-policia-quer-saber-sobre-a-formula","status":"publish","type":"post","link":"https:\/\/migracao.redenoticia.com.br\/noticia\/2022\/resumo-cara-e-coragem-06-09-italo-conta-que-a-policia-quer-saber-sobre-a-formula\/223722","title":{"rendered":"Resumo \u201cCara e Coragem\u201d 06\/09: \u00cdtalo conta que a pol\u00edcia quer saber sobre a f\u00f3rmula"},"content":{"rendered":"<p> <img loading=\"lazy\" decoding=\"async\" src=\"https:\/\/migracao.redenoticia.com.br\/noticia\/imagens\/cara-e-coragem.jpg\" alt=\"\" width=\"1280\" height=\"720\" class=\"aligncenter size-full wp-image-220184\" srcset=\"https:\/\/migracao.redenoticia.com.br\/noticia\/imagens\/cara-e-coragem.jpg 1280w, https:\/\/migracao.redenoticia.com.br\/noticia\/imagens\/cara-e-coragem-250x140.jpg 250w, https:\/\/migracao.redenoticia.com.br\/noticia\/imagens\/cara-e-coragem-400x225.jpg 400w, https:\/\/migracao.redenoticia.com.br\/noticia\/imagens\/cara-e-coragem-768x432.jpg 768w, https:\/\/migracao.redenoticia.com.br\/noticia\/imagens\/cara-e-coragem-150x84.jpg 150w\" sizes=\"auto, (max-width: 1280px) 100vw, 1280px\" \/><\/p>\n<p><strong><em>Resumo da novela \u201cCara e Coragem\u201d<\/em><\/strong> em 06\/09: no cap\u00edtulo 086(*) da novela, Martha questiona Anita sobre seu envolvimento com \u00cdtalo e elogia o ex-seguran\u00e7a. Luana percebe uma l\u00e1grima escorrer dos olhos de Clarice. Jonathan descobre que Margareth est\u00e1 tentando completar a f\u00f3rmula de magn\u00e9sio. <\/p>\n<p>Andr\u00e9a arma um encontro para que Bob finalmente conhe\u00e7a Ol\u00edvia. Gustavo se surpreende quando Danilo n\u00e3o se op\u00f5e \u00e0 decis\u00e3o de retirar seus neg\u00f3cios de sua administra\u00e7\u00e3o.<\/p>\n<p>Regina manda Dagmar deixar a casa de Martha. Danilo apresenta relat\u00f3rios de crescimento dos neg\u00f3cios e Gustavo pensa em desistir de afast\u00e1-lo como administrador. \u00cdtalo conta para Pat e Moa que a pol\u00edcia quer saber mais sobre a f\u00f3rmula de magn\u00e9sio. Lou pede para participar da reuni\u00e3o de s\u00f3cios da Coragem.com, e Moa e Rico ficam apreensivos.<\/p>\n<p>(*) edi\u00e7\u00e3o das novelas da Globo, \u201cCara e Coragem\u201d, sujeito a altera\u00e7\u00e3o de data e conte\u00fado.<\/p>\n<p>Sinopse \u201cCara e Coragem\u201d: Os dubl\u00eas profissionais Pat e Moa ter\u00e3o seus caminhos tra\u00e7ados com o da empres\u00e1ria Clarice Gusm\u00e3o, diretora da Sider\u00fargica Gusm\u00e3o e inventora de uma f\u00f3rmula secreta milion\u00e1ria, que ser\u00e1 invejada por Leonardo, irm\u00e3o de Clarice, sua amante Regina, e Danilo, tamb\u00e9m empres\u00e1rio.<\/p>\n<p>Enquanto os dubl\u00eas se descobrir\u00e3o apaixonados um pelo outro, mesmo que eles n\u00e3o admitam, Clarice ter\u00e1 um caso com \u00cdtalo, um instrutor de parkur, al\u00e9m de outros segredos obscuros dentro da trama. Uma reviravolta em sua vida acontece ao descobrir a exist\u00eancia de Anita, uma s\u00f3sia sua, mas com uma personalidade totalmente oposta.<\/p>\n","protected":false},"excerpt":{"rendered":"<p>Resumo da novela \u201cCara e Coragem\u201d em 06\/09: no cap\u00edtulo 086(*) da novela, Martha questiona Anita sobre seu envolvimento com \u00cdtalo e elogia o ex-seguran\u00e7a. Luana percebe uma l\u00e1grima escorrer dos olhos de Clarice. Jonathan descobre que Margareth est\u00e1 tentando completar a f\u00f3rmula de magn\u00e9sio. Andr\u00e9a arma um encontro para que Bob finalmente conhe\u00e7a Ol\u00edvia. [&hellip;]<\/p>\n","protected":false},"author":2,"featured_media":220185,"comment_status":"closed","ping_status":"closed","sticky":false,"template":"","format":"standard","meta":{"tdm_status":"","tdm_grid_status":"","footnotes":""},"categories":[2281,379,375,2025,343],"tags":[441],"class_list":{"0":"post-223722","1":"post","2":"type-post","3":"status-publish","4":"format-standard","5":"has-post-thumbnail","7":"category-cara-e-coragem","8":"category-novelas","9":"category-rede-globo","10":"category-resumo","11":"category-televisao","12":"tag-resumo-do-dia"},"_links":{"self":[{"href":"https:\/\/migracao.redenoticia.com.br\/noticia\/wp-json\/wp\/v2\/posts\/223722","targetHints":{"allow":["GET"]}}],"collection":[{"href":"https:\/\/migracao.redenoticia.com.br\/noticia\/wp-json\/wp\/v2\/posts"}],"about":[{"href":"https:\/\/migracao.redenoticia.com.br\/noticia\/wp-json\/wp\/v2\/types\/post"}],"author":[{"embeddable":true,"href":"https:\/\/migracao.redenoticia.com.br\/noticia\/wp-json\/wp\/v2\/users\/2"}],"replies":[{"embeddable":true,"href":"https:\/\/migracao.redenoticia.com.br\/noticia\/wp-json\/wp\/v2\/comments?post=223722"}],"version-history":[{"count":0,"href":"https:\/\/migracao.redenoticia.com.br\/noticia\/wp-json\/wp\/v2\/posts\/223722\/revisions"}],"wp:featuredmedia":[{"embeddable":true,"href":"https:\/\/migracao.redenoticia.com.br\/noticia\/wp-json\/wp\/v2\/media\/220185"}],"wp:attachment":[{"href":"https:\/\/migracao.redenoticia.com.br\/noticia\/wp-json\/wp\/v2\/media?parent=223722"}],"wp:term":[{"taxonomy":"category","embeddable":true,"href":"https:\/\/migracao.redenoticia.com.br\/noticia\/wp-json\/wp\/v2\/categories?post=223722"},{"taxonomy":"post_tag","embeddable":true,"href":"https:\/\/migracao.redenoticia.com.br\/noticia\/wp-json\/wp\/v2\/tags?post=223722"}],"curies":[{"name":"wp","href":"https:\/\/api.w.org\/{rel}","templated":true}]}}