{"id":223783,"date":"2022-09-07T17:41:06","date_gmt":"2022-09-07T20:41:06","guid":{"rendered":"https:\/\/www.redenoticia.com.br\/noticia\/?p=223783"},"modified":"2022-09-07T17:41:06","modified_gmt":"2022-09-07T20:41:06","slug":"resumo-cara-e-coragem-08-09-danilo-questiona-pat-e-moa-sobre-a-formula","status":"publish","type":"post","link":"https:\/\/migracao.redenoticia.com.br\/noticia\/2022\/resumo-cara-e-coragem-08-09-danilo-questiona-pat-e-moa-sobre-a-formula\/223783","title":{"rendered":"Resumo \u201cCara e Coragem\u201d 08\/09: Danilo questiona Pat e Moa sobre a f\u00f3rmula"},"content":{"rendered":"<p> <img loading=\"lazy\" decoding=\"async\" src=\"https:\/\/migracao.redenoticia.com.br\/noticia\/imagens\/cara-e-coragem.jpg\" alt=\"\" width=\"1280\" height=\"720\" class=\"aligncenter size-full wp-image-220184\" srcset=\"https:\/\/migracao.redenoticia.com.br\/noticia\/imagens\/cara-e-coragem.jpg 1280w, https:\/\/migracao.redenoticia.com.br\/noticia\/imagens\/cara-e-coragem-250x140.jpg 250w, https:\/\/migracao.redenoticia.com.br\/noticia\/imagens\/cara-e-coragem-400x225.jpg 400w, https:\/\/migracao.redenoticia.com.br\/noticia\/imagens\/cara-e-coragem-768x432.jpg 768w, https:\/\/migracao.redenoticia.com.br\/noticia\/imagens\/cara-e-coragem-150x84.jpg 150w\" sizes=\"auto, (max-width: 1280px) 100vw, 1280px\" \/><\/p>\n<p><strong><em>Resumo da novela \u201cCara e Coragem\u201d<\/em><\/strong> em 08\/09: no cap\u00edtulo 088(*) da novela, Pat e Moa repreendem \u00cdtalo por n\u00e3o contar que ele est\u00e1 com Anita. Lou beija Rico pensando em Renan. Duarte procura Olivia para se explicar. <\/p>\n<p>Lucas ajuda Duarte a se esconder na lata do lixo para ele n\u00e3o ser reconhecido por Andr\u00e9a na companhia de dan\u00e7a. Danilo prop\u00f5e a Rebeca que os dois saiam do pa\u00eds. Ela recusa. Joca v\u00ea Alfredo e Ol\u00edvia juntos e fica abalado. Danilo acredita que Jonathan possui a modifica\u00e7\u00e3o da f\u00f3rmula e manda Leonardo e Regina ficarem atentos. <\/p>\n<p>Margareth questiona Jonathan sobre a altera\u00e7\u00e3o da f\u00f3rmula de magn\u00e9sio. Luana se questiona se deve contar para Jonathan ou Martha que Clarice est\u00e1 viva para que eles a ajudem a proteg\u00ea-la, mas desiste da ideia e resolve seguir com o plano combinado com a empres\u00e1ria mantendo o segredo. <\/p>\n<p>Milton surpreende Joca na porta da casa de Alfredo. \u00cdtalo monta um mural para auxiliar na investiga\u00e7\u00e3o sobre o caso Clarice. Anita vai \u00e0 Coragem.com e estranha quando \u00cdtalo a impede de entrar na sala da intelig\u00eancia. Danilo questiona Pat e Moa sobre a modifica\u00e7\u00e3o da f\u00f3rmula.  <\/p>\n<p>(*) edi\u00e7\u00e3o das novelas da Globo, \u201cCara e Coragem\u201d, sujeito a altera\u00e7\u00e3o de data e conte\u00fado.<\/p>\n<p>Sinopse \u201cCara e Coragem\u201d: Os dubl\u00eas profissionais Pat e Moa ter\u00e3o seus caminhos tra\u00e7ados com o da empres\u00e1ria Clarice Gusm\u00e3o, diretora da Sider\u00fargica Gusm\u00e3o e inventora de uma f\u00f3rmula secreta milion\u00e1ria, que ser\u00e1 invejada por Leonardo, irm\u00e3o de Clarice, sua amante Regina, e Danilo, tamb\u00e9m empres\u00e1rio.<\/p>\n<p>Enquanto os dubl\u00eas se descobrir\u00e3o apaixonados um pelo outro, mesmo que eles n\u00e3o admitam, Clarice ter\u00e1 um caso com \u00cdtalo, um instrutor de parkur, al\u00e9m de outros segredos obscuros dentro da trama. Uma reviravolta em sua vida acontece ao descobrir a exist\u00eancia de Anita, uma s\u00f3sia sua, mas com uma personalidade totalmente oposta.<\/p>\n","protected":false},"excerpt":{"rendered":"<p>Resumo da novela \u201cCara e Coragem\u201d em 08\/09: no cap\u00edtulo 088(*) da novela, Pat e Moa repreendem \u00cdtalo por n\u00e3o contar que ele est\u00e1 com Anita. Lou beija Rico pensando em Renan. Duarte procura Olivia para se explicar. Lucas ajuda Duarte a se esconder na lata do lixo para ele n\u00e3o ser reconhecido por Andr\u00e9a [&hellip;]<\/p>\n","protected":false},"author":2,"featured_media":220185,"comment_status":"closed","ping_status":"closed","sticky":false,"template":"","format":"standard","meta":{"tdm_status":"","tdm_grid_status":"","footnotes":""},"categories":[2281,379,375,2025,343],"tags":[441],"class_list":{"0":"post-223783","1":"post","2":"type-post","3":"status-publish","4":"format-standard","5":"has-post-thumbnail","7":"category-cara-e-coragem","8":"category-novelas","9":"category-rede-globo","10":"category-resumo","11":"category-televisao","12":"tag-resumo-do-dia"},"_links":{"self":[{"href":"https:\/\/migracao.redenoticia.com.br\/noticia\/wp-json\/wp\/v2\/posts\/223783","targetHints":{"allow":["GET"]}}],"collection":[{"href":"https:\/\/migracao.redenoticia.com.br\/noticia\/wp-json\/wp\/v2\/posts"}],"about":[{"href":"https:\/\/migracao.redenoticia.com.br\/noticia\/wp-json\/wp\/v2\/types\/post"}],"author":[{"embeddable":true,"href":"https:\/\/migracao.redenoticia.com.br\/noticia\/wp-json\/wp\/v2\/users\/2"}],"replies":[{"embeddable":true,"href":"https:\/\/migracao.redenoticia.com.br\/noticia\/wp-json\/wp\/v2\/comments?post=223783"}],"version-history":[{"count":0,"href":"https:\/\/migracao.redenoticia.com.br\/noticia\/wp-json\/wp\/v2\/posts\/223783\/revisions"}],"wp:featuredmedia":[{"embeddable":true,"href":"https:\/\/migracao.redenoticia.com.br\/noticia\/wp-json\/wp\/v2\/media\/220185"}],"wp:attachment":[{"href":"https:\/\/migracao.redenoticia.com.br\/noticia\/wp-json\/wp\/v2\/media?parent=223783"}],"wp:term":[{"taxonomy":"category","embeddable":true,"href":"https:\/\/migracao.redenoticia.com.br\/noticia\/wp-json\/wp\/v2\/categories?post=223783"},{"taxonomy":"post_tag","embeddable":true,"href":"https:\/\/migracao.redenoticia.com.br\/noticia\/wp-json\/wp\/v2\/tags?post=223783"}],"curies":[{"name":"wp","href":"https:\/\/api.w.org\/{rel}","templated":true}]}}