{"id":223790,"date":"2022-09-08T13:35:05","date_gmt":"2022-09-08T16:35:05","guid":{"rendered":"https:\/\/www.redenoticia.com.br\/noticia\/?p=223790"},"modified":"2022-09-08T13:35:05","modified_gmt":"2022-09-08T16:35:05","slug":"resumo-o-cravo-e-a-rosa-09-09-bianca-estranha-a-felicidade-de-marcela","status":"publish","type":"post","link":"https:\/\/migracao.redenoticia.com.br\/noticia\/2022\/resumo-o-cravo-e-a-rosa-09-09-bianca-estranha-a-felicidade-de-marcela\/223790","title":{"rendered":"Resumo &#8220;O Cravo e a Rosa&#8221; 09\/09: Bianca estranha a felicidade de Marcela"},"content":{"rendered":"<p><img loading=\"lazy\" decoding=\"async\" src=\"https:\/\/migracao.redenoticia.com.br\/noticia\/imagens\/o-cravo-e-a-rosa-elenco-resumo-sinopse.jpeg\" alt=\"\" width=\"1280\" height=\"720\" class=\"aligncenter size-full wp-image-213217\" srcset=\"https:\/\/migracao.redenoticia.com.br\/noticia\/imagens\/o-cravo-e-a-rosa-elenco-resumo-sinopse.jpeg 1280w, https:\/\/migracao.redenoticia.com.br\/noticia\/imagens\/o-cravo-e-a-rosa-elenco-resumo-sinopse-250x140.jpeg 250w, https:\/\/migracao.redenoticia.com.br\/noticia\/imagens\/o-cravo-e-a-rosa-elenco-resumo-sinopse-400x225.jpeg 400w, https:\/\/migracao.redenoticia.com.br\/noticia\/imagens\/o-cravo-e-a-rosa-elenco-resumo-sinopse-768x432.jpeg 768w, https:\/\/migracao.redenoticia.com.br\/noticia\/imagens\/o-cravo-e-a-rosa-elenco-resumo-sinopse-150x85.jpeg 150w\" sizes=\"auto, (max-width: 1280px) 100vw, 1280px\" \/><\/p>\n<p><em><strong>Resumo da novela &#8220;O Cravo e a Rosa&#8221;<\/strong><\/em> em 09\/09: no cap\u00edtulo 197(*) da novela, Catarina suspeita que Petruchio est\u00e1 armando alguma coisa. Mimosa aceita o pedido de casamento de Calixto. Neca emburra. Candoca manda Heitor parar de arrastar a asa para ela. Bianca estranha a felicidade de Marcela. Celso beija Candoca e pede uma outra chance, mas ela nega. <\/p>\n<p>Josefa manda fazer o vestido do casamento. Janu\u00e1rio se preocupa com o destino de Lindinha. Corn\u00e9lio e Serafim levam flores para Dalva. Batista leva Joana para a fazenda. Petruchio suspeita de Lindinha, mas Calixto tem certeza que foi o patr\u00e3o que roubou as ap\u00f3lices. Josefa e Dinor\u00e1 saem de casa; Heitor fica para ouvir tudo. Petruchio chega para se encontrar com Marcela e pergunta se ela tem muito dinheiro para viajar com ele de navio. Petruchio vai embora sem sequer dar um beijo em Marcela.<\/p>\n<p>Marcela descobre Heitor, que quer saber se ela ficou com o dinheiro. Joana tenta falar, mas n\u00e3o consegue. O ladr\u00e3o entrega a tia Berenice. Heitor confessa que tentou roubar as ap\u00f3lices, mas o envelope s\u00f3 continha papel branco picado. Marcela pede que ele pressione Serafim. Catarina tem desejos. Calixto e Petruchio saem para ca\u00e7ar r\u00e3s. Dinor\u00e1 quer saber quem \u00e9 a pretendente de Corn\u00e9lio. Marcela promete que n\u00e3o vai brigar mais com o pai e pede que ela convide-a para o casamento. Serafim nega estar com as ap\u00f3lices, mas acha que Buscap\u00e9 sabe com quem est\u00e1. Berenice \u00e9 presa. Heitor pressiona Buscap\u00e9, que conta ter visto Lindinha entrar na sala do cofre. <\/p>\n<p>(*) edi\u00e7\u00e3o das novelas da Globo, &#8220;O Cravo e a Rosa&#8221;, sujeito a altera\u00e7\u00e3o de data e conte\u00fado.<\/p>\n<p>Sinopse &#8220;O Cravo e a Rosa&#8221;: Catarina Batista \u00e9 uma mulher moderna, na r\u00edgida sociedade paulista da d\u00e9cada de 1920, que recusa o papel feminino de se restringir a lavar ceroulas em um tanque. Juli\u00e3o Petruchio \u00e9 um homem rude, para quem a mulher deve ser a &#8220;rainha do lar&#8221;. Duas pessoas t\u00e3o diferentes vivem um romance contradit\u00f3rio.<\/p>\n<p>Conhecida como &#8216;a fera&#8217;, por botar todos os seus pretendentes para correr, Catarina vai esbarrar na teimosia c\u00ednica de Petruchio que, inicialmente, decide conquist\u00e1-la para, com o dote do casamento, salvar sua fazenda de ser hipotecada. Eles acabam se apaixonando, mas n\u00e3o d\u00e3o o bra\u00e7o a torcer, vivenciando cenas muito bem-humoradas de discuss\u00f5es e brigas vulc\u00e2nicas. Ele fingindo-se de &#8216;cordeirinho&#8217;, e ela cada vez mais furiosa com sua insist\u00eancia.<\/p>\n","protected":false},"excerpt":{"rendered":"<p>Resumo da novela &#8220;O Cravo e a Rosa&#8221; em 09\/09: no cap\u00edtulo 197(*) da novela, Catarina suspeita que Petruchio est\u00e1 armando alguma coisa. Mimosa aceita o pedido de casamento de Calixto. Neca emburra. Candoca manda Heitor parar de arrastar a asa para ela. Bianca estranha a felicidade de Marcela. Celso beija Candoca e pede uma [&hellip;]<\/p>\n","protected":false},"author":2,"featured_media":213218,"comment_status":"closed","ping_status":"closed","sticky":false,"template":"","format":"standard","meta":{"tdm_status":"","tdm_grid_status":"","footnotes":""},"categories":[379,2227,375,2025,343],"tags":[441],"class_list":{"0":"post-223790","1":"post","2":"type-post","3":"status-publish","4":"format-standard","5":"has-post-thumbnail","7":"category-novelas","8":"category-o-cravo-e-a-rosa","9":"category-rede-globo","10":"category-resumo","11":"category-televisao","12":"tag-resumo-do-dia"},"_links":{"self":[{"href":"https:\/\/migracao.redenoticia.com.br\/noticia\/wp-json\/wp\/v2\/posts\/223790","targetHints":{"allow":["GET"]}}],"collection":[{"href":"https:\/\/migracao.redenoticia.com.br\/noticia\/wp-json\/wp\/v2\/posts"}],"about":[{"href":"https:\/\/migracao.redenoticia.com.br\/noticia\/wp-json\/wp\/v2\/types\/post"}],"author":[{"embeddable":true,"href":"https:\/\/migracao.redenoticia.com.br\/noticia\/wp-json\/wp\/v2\/users\/2"}],"replies":[{"embeddable":true,"href":"https:\/\/migracao.redenoticia.com.br\/noticia\/wp-json\/wp\/v2\/comments?post=223790"}],"version-history":[{"count":0,"href":"https:\/\/migracao.redenoticia.com.br\/noticia\/wp-json\/wp\/v2\/posts\/223790\/revisions"}],"wp:featuredmedia":[{"embeddable":true,"href":"https:\/\/migracao.redenoticia.com.br\/noticia\/wp-json\/wp\/v2\/media\/213218"}],"wp:attachment":[{"href":"https:\/\/migracao.redenoticia.com.br\/noticia\/wp-json\/wp\/v2\/media?parent=223790"}],"wp:term":[{"taxonomy":"category","embeddable":true,"href":"https:\/\/migracao.redenoticia.com.br\/noticia\/wp-json\/wp\/v2\/categories?post=223790"},{"taxonomy":"post_tag","embeddable":true,"href":"https:\/\/migracao.redenoticia.com.br\/noticia\/wp-json\/wp\/v2\/tags?post=223790"}],"curies":[{"name":"wp","href":"https:\/\/api.w.org\/{rel}","templated":true}]}}