{"id":22382,"date":"2010-01-26T00:58:38","date_gmt":"2010-01-26T04:58:38","guid":{"rendered":"http:\/\/www.redenoticia.com.br\/noticia\/?p=22382"},"modified":"2018-08-13T10:51:43","modified_gmt":"2018-08-13T13:51:43","slug":"bbb10-mostrou-votacao-surpresa-nesta-segunda-feira","status":"publish","type":"post","link":"https:\/\/migracao.redenoticia.com.br\/noticia\/2010\/bbb10-mostrou-votacao-surpresa-nesta-segunda-feira\/22382","title":{"rendered":"BBB10 mostrou vota\u00e7\u00e3o surpresa nesta segunda-feira"},"content":{"rendered":"<p><img loading=\"lazy\" decoding=\"async\" class=\"alignleft size-full wp-image-22134\" title=\"BBB 10 Rede Globo\" src=\"https:\/\/migracao.redenoticia.com.br\/noticia\/imagens\/BBB-10-Rede-Globo.jpg\" alt=\"\" width=\"300\" height=\"193\" srcset=\"https:\/\/migracao.redenoticia.com.br\/noticia\/imagens\/BBB-10-Rede-Globo.jpg 300w, https:\/\/migracao.redenoticia.com.br\/noticia\/imagens\/BBB-10-Rede-Globo-250x161.jpg 250w, https:\/\/migracao.redenoticia.com.br\/noticia\/imagens\/BBB-10-Rede-Globo-150x97.jpg 150w\" sizes=\"auto, (max-width: 300px) 100vw, 300px\" \/>O <strong><em>BBB10<\/em><\/strong> apresentou uma nova vota\u00e7\u00e3o na noite desta segunda-feira (25\/01). Os Brothers tiveram que indicar o amigo mais companheiro na BBB10 e o que mais incomoda, abertamente e ao vivo, colocando uma bolinha na ca\u00e7apa correspondente \u00e0 foto do votado.<\/p>\n<p>Os eleitos pelos BBB10 foram: Cadu indicou Eliane como a mais legal e Tess\u00e1lia a que mais o incomoda. Fernanda votou em Dicesar o mais legal e Dourado o que mais incomoda. Dourado escolheu Fernanda a mais legal e Elenita a que mais incomoda. Alex indicou Dourado o mais legal e Serginho o que mais incomoda, Uilliam votou em Dicesar o mais legal e Michel o que mais incomoda. Anamara escolheu Elieser o mais legal e Ana Marcela a que mais incomoda. Claudia indicou Elieser o mais legal e Sergio o que mais incomoda. Sergio votou em Eliane a mais legal e em Alex o que mais incomoda. Eliane escolheu Cadu o mais legal e Dourado o que mais incomoda. Dicesar indicou Cadu o mais legal e Uilliam o que mais incomoda. Elieser votou em Claudia a mais legal e Elenita a que mais incomoda. Ana Marcela optou por Anamara a mais legal e Dicesar o que mais incomoda. Ang\u00e9lica indicou Fernanda a mais legal e Elieser o que mais incomoda. Michel acha Tess\u00e1lia a mais legal e Uilliam o que mais incomoda. Tess\u00e1ilia optou por Michel o mais legal e Cadu o que mais incomoda. Elenita acha que Tess\u00e1lia \u00e9 a mais legal e Elieser o que mais incomoda.<\/p>\n<p>O pr\u00eamio para o mais legal BBB10 foi uma liga\u00e7\u00e3o para qualquer lugar do Brasil. Lia e Fernanda empataram mas Cadu, o L\u00edder da semana, optou pela Fernanda por ela ter cumprido o monstro da semana. Fernanda vai ligar para o \u201cpr\u00e9-namorado\u201d Marco.<\/p>\n<p>Depois desta vota\u00e7\u00e3o surpresa as rea\u00e7\u00f5es dos Brothers foram de choro, conversas sobre atitudes, arrependimentos e retrata\u00e7\u00f5es, que certamente ser\u00e3o mostradas no programa BBB10 desta ter\u00e7a-feira, assim como uma discuss\u00e3o s\u00e9ria entre Dicesar e Maroca com rela\u00e7\u00e3o \u00e0 despedida de Joseane.<\/p>\n<p>BBB10<\/p>\n","protected":false},"excerpt":{"rendered":"<p>O BBB10 apresentou uma nova vota\u00e7\u00e3o na noite desta segunda-feira (25\/01). Os Brothers tiveram que indicar o amigo mais companheiro na BBB10 e o que mais incomoda, abertamente e ao vivo, colocando uma bolinha na ca\u00e7apa correspondente \u00e0 foto do votado. Os eleitos pelos BBB10 foram: Cadu indicou Eliane como a mais legal e Tess\u00e1lia [&hellip;]<\/p>\n","protected":false},"author":3,"featured_media":0,"comment_status":"open","ping_status":"open","sticky":false,"template":"","format":"standard","meta":{"tdm_status":"","tdm_grid_status":"","footnotes":""},"categories":[520,22,375,343],"tags":[],"class_list":{"0":"post-22382","1":"post","2":"type-post","3":"status-publish","4":"format-standard","6":"category-big-brother-brasil","7":"category-brasil","8":"category-rede-globo","9":"category-televisao"},"_links":{"self":[{"href":"https:\/\/migracao.redenoticia.com.br\/noticia\/wp-json\/wp\/v2\/posts\/22382","targetHints":{"allow":["GET"]}}],"collection":[{"href":"https:\/\/migracao.redenoticia.com.br\/noticia\/wp-json\/wp\/v2\/posts"}],"about":[{"href":"https:\/\/migracao.redenoticia.com.br\/noticia\/wp-json\/wp\/v2\/types\/post"}],"author":[{"embeddable":true,"href":"https:\/\/migracao.redenoticia.com.br\/noticia\/wp-json\/wp\/v2\/users\/3"}],"replies":[{"embeddable":true,"href":"https:\/\/migracao.redenoticia.com.br\/noticia\/wp-json\/wp\/v2\/comments?post=22382"}],"version-history":[{"count":0,"href":"https:\/\/migracao.redenoticia.com.br\/noticia\/wp-json\/wp\/v2\/posts\/22382\/revisions"}],"wp:attachment":[{"href":"https:\/\/migracao.redenoticia.com.br\/noticia\/wp-json\/wp\/v2\/media?parent=22382"}],"wp:term":[{"taxonomy":"category","embeddable":true,"href":"https:\/\/migracao.redenoticia.com.br\/noticia\/wp-json\/wp\/v2\/categories?post=22382"},{"taxonomy":"post_tag","embeddable":true,"href":"https:\/\/migracao.redenoticia.com.br\/noticia\/wp-json\/wp\/v2\/tags?post=22382"}],"curies":[{"name":"wp","href":"https:\/\/api.w.org\/{rel}","templated":true}]}}