{"id":223839,"date":"2022-09-09T16:54:39","date_gmt":"2022-09-09T19:54:39","guid":{"rendered":"https:\/\/www.redenoticia.com.br\/noticia\/?p=223839"},"modified":"2022-09-09T20:02:01","modified_gmt":"2022-09-09T23:02:01","slug":"resumo-cara-e-coragem-10-09-gui-pede-para-morar-com-alfredo","status":"publish","type":"post","link":"https:\/\/migracao.redenoticia.com.br\/noticia\/2022\/resumo-cara-e-coragem-10-09-gui-pede-para-morar-com-alfredo\/223839","title":{"rendered":"Resumo \u201cCara e Coragem\u201d 10\/09: Gui foge de casa"},"content":{"rendered":"<p> <img loading=\"lazy\" decoding=\"async\" src=\"https:\/\/migracao.redenoticia.com.br\/noticia\/imagens\/cara-e-coragem.jpg\" alt=\"\" width=\"1280\" height=\"720\" class=\"aligncenter size-full wp-image-220184\" srcset=\"https:\/\/migracao.redenoticia.com.br\/noticia\/imagens\/cara-e-coragem.jpg 1280w, https:\/\/migracao.redenoticia.com.br\/noticia\/imagens\/cara-e-coragem-250x140.jpg 250w, https:\/\/migracao.redenoticia.com.br\/noticia\/imagens\/cara-e-coragem-400x225.jpg 400w, https:\/\/migracao.redenoticia.com.br\/noticia\/imagens\/cara-e-coragem-768x432.jpg 768w, https:\/\/migracao.redenoticia.com.br\/noticia\/imagens\/cara-e-coragem-150x84.jpg 150w\" sizes=\"auto, (max-width: 1280px) 100vw, 1280px\" \/><\/p>\n<p><strong><em>Resumo da novela \u201cCara e Coragem\u201d<\/em><\/strong> em 10\/09: no cap\u00edtulo 090(*) da novela, \u00cdtalo faz um coment\u00e1rio que deixa Leonardo perturbado. Pat resolve conversar com Gui sobre Moa. Renan destrata Enzo na frente dos bailarinos. \u00cdsis sente-se mal, e Marcinha se preocupa com a amiga. Gui foge de casa. Lucas mente para Ol\u00edvia e diz que n\u00e3o receber\u00e1 a bolsa de estudos de Bob.<\/p>\n<p>Moa e Andr\u00e9a se encontram na reuni\u00e3o com o diretor de um novo comercial. Pat e Soss\u00f4 procuram por Gui. Hugo consola Andr\u00e9a, que chora por causa de Moa. Alfredo avisa a Pat sobre Gui e ela vai ao encontro do filho. \u00cdtalo questiona Anita sobre Jonathan. Gui pede para morar com Alfredo.<\/p>\n<p>(*) edi\u00e7\u00e3o das novelas da Globo, \u201cCara e Coragem\u201d, sujeito a altera\u00e7\u00e3o de data e conte\u00fado.<\/p>\n<p>Sinopse \u201cCara e Coragem\u201d: Os dubl\u00eas profissionais Pat e Moa ter\u00e3o seus caminhos tra\u00e7ados com o da empres\u00e1ria Clarice Gusm\u00e3o, diretora da Sider\u00fargica Gusm\u00e3o e inventora de uma f\u00f3rmula secreta milion\u00e1ria, que ser\u00e1 invejada por Leonardo, irm\u00e3o de Clarice, sua amante Regina, e Danilo, tamb\u00e9m empres\u00e1rio.<\/p>\n<p>Enquanto os dubl\u00eas se descobrir\u00e3o apaixonados um pelo outro, mesmo que eles n\u00e3o admitam, Clarice ter\u00e1 um caso com \u00cdtalo, um instrutor de parkur, al\u00e9m de outros segredos obscuros dentro da trama. Uma reviravolta em sua vida acontece ao descobrir a exist\u00eancia de Anita, uma s\u00f3sia sua, mas com uma personalidade totalmente oposta.<\/p>\n","protected":false},"excerpt":{"rendered":"<p>Resumo da novela \u201cCara e Coragem\u201d em 10\/09: no cap\u00edtulo 090(*) da novela, \u00cdtalo faz um coment\u00e1rio que deixa Leonardo perturbado. Pat resolve conversar com Gui sobre Moa. Renan destrata Enzo na frente dos bailarinos. \u00cdsis sente-se mal, e Marcinha se preocupa com a amiga. Gui foge de casa. Lucas mente para Ol\u00edvia e diz [&hellip;]<\/p>\n","protected":false},"author":2,"featured_media":220185,"comment_status":"closed","ping_status":"closed","sticky":false,"template":"","format":"standard","meta":{"tdm_status":"","tdm_grid_status":"","footnotes":""},"categories":[2281,379,375,2025,343],"tags":[441],"class_list":{"0":"post-223839","1":"post","2":"type-post","3":"status-publish","4":"format-standard","5":"has-post-thumbnail","7":"category-cara-e-coragem","8":"category-novelas","9":"category-rede-globo","10":"category-resumo","11":"category-televisao","12":"tag-resumo-do-dia"},"_links":{"self":[{"href":"https:\/\/migracao.redenoticia.com.br\/noticia\/wp-json\/wp\/v2\/posts\/223839","targetHints":{"allow":["GET"]}}],"collection":[{"href":"https:\/\/migracao.redenoticia.com.br\/noticia\/wp-json\/wp\/v2\/posts"}],"about":[{"href":"https:\/\/migracao.redenoticia.com.br\/noticia\/wp-json\/wp\/v2\/types\/post"}],"author":[{"embeddable":true,"href":"https:\/\/migracao.redenoticia.com.br\/noticia\/wp-json\/wp\/v2\/users\/2"}],"replies":[{"embeddable":true,"href":"https:\/\/migracao.redenoticia.com.br\/noticia\/wp-json\/wp\/v2\/comments?post=223839"}],"version-history":[{"count":0,"href":"https:\/\/migracao.redenoticia.com.br\/noticia\/wp-json\/wp\/v2\/posts\/223839\/revisions"}],"wp:featuredmedia":[{"embeddable":true,"href":"https:\/\/migracao.redenoticia.com.br\/noticia\/wp-json\/wp\/v2\/media\/220185"}],"wp:attachment":[{"href":"https:\/\/migracao.redenoticia.com.br\/noticia\/wp-json\/wp\/v2\/media?parent=223839"}],"wp:term":[{"taxonomy":"category","embeddable":true,"href":"https:\/\/migracao.redenoticia.com.br\/noticia\/wp-json\/wp\/v2\/categories?post=223839"},{"taxonomy":"post_tag","embeddable":true,"href":"https:\/\/migracao.redenoticia.com.br\/noticia\/wp-json\/wp\/v2\/tags?post=223839"}],"curies":[{"name":"wp","href":"https:\/\/api.w.org\/{rel}","templated":true}]}}