{"id":22385,"date":"2010-01-26T01:05:36","date_gmt":"2010-01-26T05:05:36","guid":{"rendered":"http:\/\/www.redenoticia.com.br\/noticia\/?p=22385"},"modified":"2010-01-26T01:07:59","modified_gmt":"2010-01-26T05:07:59","slug":"pagamento-inss-beneficios-final-2-nesta-terca-feira-2601","status":"publish","type":"post","link":"https:\/\/migracao.redenoticia.com.br\/noticia\/2010\/pagamento-inss-beneficios-final-2-nesta-terca-feira-2601\/22385","title":{"rendered":"Pagamento INSS &#8211; benef\u00edcios final 2 (26\/01)"},"content":{"rendered":"<p><strong><em>Pagamento INSS<\/em><\/strong> &#8211; <strong><em>Aposentados<\/em><\/strong>, pensionistas e demais segurados do Instituto Nacional do Seguro Social (INSS) que recebem at\u00e9 o sal\u00e1rio m\u00ednimo e t\u00eam cart\u00e3o com <strong><em>final 2<\/em><\/strong>, desconsiderando-se o d\u00edgito, recebem nesta ter\u00e7a-feira (26). Esta \u00e9 a primeira folha com o sal\u00e1rio m\u00ednimo de R$ 510. At\u00e9 o dia 5 de fevereiro, o INSS ir\u00e1 pagar mais de R$ 17 bilh\u00f5es a 27 milh\u00f5es de benef\u00edci\u00e1rios.\u00a0<\/p>\n<p>Na folha de janeiro, ser\u00e1 restitu\u00eddo a 1.297.951 benefici\u00e1rios o valor descontado a mais na folha de pagamento de dezembro de 2009 a t\u00edtulo de imposto de renda. Ao todo, ser\u00e3o devolvidos R$ 8.347.323,72. Deste total, 1.062.018 benef\u00edcios receber\u00e3o de R$ 0,01 at\u00e9 R$ 9,99. O valor m\u00e9dio das restitui\u00e7\u00f5es \u00e9 de R$ 6,43.<\/p>\n<p>O INSS j\u00e1 distribuiu \u00e0 rede banc\u00e1ria o calend\u00e1rio de pagamentos de 2010. O cartaz ser\u00e1 afixado em local vis\u00edvel, para que os aposentados, pensionistas e demais benefici\u00e1rios saibam a data em que poder\u00e3o sacar o benef\u00edcio a cada m\u00eas.<\/p>\n<p>Eles tamb\u00e9m podem se informar sobre as datas do pagamento consultando os operadores da Central 135. A liga\u00e7\u00e3o \u00e9 gratuita de telefones fixos ou p\u00fablicos e custa o pre\u00e7o de uma liga\u00e7\u00e3o local, quando originada de um celular.<\/p>\n<p>Outra possibilidade \u00e9 acessar o site da Previd\u00eancia Social (<a href=\"http:\/\/www.previdencia.gov.br\" target=\"_blank\">www.previdencia.gov.br<\/a>) e clicar no link &#8220;Extrato de Pagamento de Benef\u00edcio&#8221;, que fica na se\u00e7\u00e3o \u201cAg\u00eancia Eletr\u00f4nica: Segurado\u201d. \u00c9 poss\u00edvel imprimir esse documento, que fica dispon\u00edvel a partir do in\u00edcio dos pagamentos do m\u00eas.\u00a0<\/p>\n<p>Pagamento INSS<\/p>\n","protected":false},"excerpt":{"rendered":"<p>Pagamento INSS &#8211; Aposentados, pensionistas e demais segurados do Instituto Nacional do Seguro Social (INSS) que recebem at\u00e9 o sal\u00e1rio m\u00ednimo e t\u00eam cart\u00e3o com final 2, desconsiderando-se o d\u00edgito, recebem nesta ter\u00e7a-feira (26). Esta \u00e9 a primeira folha com o sal\u00e1rio m\u00ednimo de R$ 510. At\u00e9 o dia 5 de fevereiro, o INSS ir\u00e1 [&hellip;]<\/p>\n","protected":false},"author":3,"featured_media":0,"comment_status":"open","ping_status":"open","sticky":false,"template":"","format":"standard","meta":{"tdm_status":"","tdm_grid_status":"","footnotes":""},"categories":[22,7],"tags":[],"class_list":{"0":"post-22385","1":"post","2":"type-post","3":"status-publish","4":"format-standard","6":"category-brasil","7":"category-economia"},"_links":{"self":[{"href":"https:\/\/migracao.redenoticia.com.br\/noticia\/wp-json\/wp\/v2\/posts\/22385","targetHints":{"allow":["GET"]}}],"collection":[{"href":"https:\/\/migracao.redenoticia.com.br\/noticia\/wp-json\/wp\/v2\/posts"}],"about":[{"href":"https:\/\/migracao.redenoticia.com.br\/noticia\/wp-json\/wp\/v2\/types\/post"}],"author":[{"embeddable":true,"href":"https:\/\/migracao.redenoticia.com.br\/noticia\/wp-json\/wp\/v2\/users\/3"}],"replies":[{"embeddable":true,"href":"https:\/\/migracao.redenoticia.com.br\/noticia\/wp-json\/wp\/v2\/comments?post=22385"}],"version-history":[{"count":0,"href":"https:\/\/migracao.redenoticia.com.br\/noticia\/wp-json\/wp\/v2\/posts\/22385\/revisions"}],"wp:attachment":[{"href":"https:\/\/migracao.redenoticia.com.br\/noticia\/wp-json\/wp\/v2\/media?parent=22385"}],"wp:term":[{"taxonomy":"category","embeddable":true,"href":"https:\/\/migracao.redenoticia.com.br\/noticia\/wp-json\/wp\/v2\/categories?post=22385"},{"taxonomy":"post_tag","embeddable":true,"href":"https:\/\/migracao.redenoticia.com.br\/noticia\/wp-json\/wp\/v2\/tags?post=22385"}],"curies":[{"name":"wp","href":"https:\/\/api.w.org\/{rel}","templated":true}]}}