{"id":223992,"date":"2022-09-14T14:08:27","date_gmt":"2022-09-14T17:08:27","guid":{"rendered":"https:\/\/www.redenoticia.com.br\/noticia\/?p=223992"},"modified":"2022-09-14T14:08:27","modified_gmt":"2022-09-14T17:08:27","slug":"resumo-o-cravo-e-a-rosa-15-09-catarina-arma-contra-heitor-para-impedir-noivado","status":"publish","type":"post","link":"https:\/\/migracao.redenoticia.com.br\/noticia\/2022\/resumo-o-cravo-e-a-rosa-15-09-catarina-arma-contra-heitor-para-impedir-noivado\/223992","title":{"rendered":"Resumo &#8220;O Cravo e a Rosa&#8221; 15\/09: Catarina arma contra Heitor para impedir noivado"},"content":{"rendered":"<p> <img loading=\"lazy\" decoding=\"async\" src=\"https:\/\/migracao.redenoticia.com.br\/noticia\/imagens\/o-cravo-e-a-rosa-elenco-resumo-sinopse.jpeg\" alt=\"\" width=\"1280\" height=\"720\" class=\"aligncenter size-full wp-image-213217\" srcset=\"https:\/\/migracao.redenoticia.com.br\/noticia\/imagens\/o-cravo-e-a-rosa-elenco-resumo-sinopse.jpeg 1280w, https:\/\/migracao.redenoticia.com.br\/noticia\/imagens\/o-cravo-e-a-rosa-elenco-resumo-sinopse-250x140.jpeg 250w, https:\/\/migracao.redenoticia.com.br\/noticia\/imagens\/o-cravo-e-a-rosa-elenco-resumo-sinopse-400x225.jpeg 400w, https:\/\/migracao.redenoticia.com.br\/noticia\/imagens\/o-cravo-e-a-rosa-elenco-resumo-sinopse-768x432.jpeg 768w, https:\/\/migracao.redenoticia.com.br\/noticia\/imagens\/o-cravo-e-a-rosa-elenco-resumo-sinopse-150x85.jpeg 150w\" sizes=\"auto, (max-width: 1280px) 100vw, 1280px\" \/><\/p>\n<p><em><strong>Resumo da novela &#8220;O Cravo e a Rosa&#8221;<\/strong><\/em> em 15\/09: no cap\u00edtulo 200(*) da novela,  o padre impede que os dois entrem. Serafim estranha a presen\u00e7a de Corn\u00e9lio na igreja. Catarina manda que Calixto e Mimosa se aprontem para o noivado e percebe que eles nada sabiam. Petruchio disfar\u00e7a e finge ter esquecido de dar o recado do noivo. Marcela manda Cosme impedir a entrada de Mimosa e Calixto na festa. <\/p>\n<p>Catarina pede que B\u00e1rbara e Lourdes a ajudem, em troca, ela contar\u00e1 onde est\u00e1 o Mudinho. Marcela promove um aperto de m\u00e3os entre Batista e Joaquim. Calixto e Mimosa s\u00e3o barrados e percebem que Heitor tem vergonha deles. Batista anuncia o noivado, mas na hora do anel, Lourdes entra gritando que Heitor \u00e9 o pai dos filhos dela. Bianca sorri aliviada. Heitor jura inoc\u00eancia.<\/p>\n<p>Bianca e Catarina se envergonham ao saber que foi o pai que mandou proibir a entrada de Calixto e Mimosa. Heitor grita que n\u00e3o quer mais se casar. Calixto fica muito decepcionado com o filho. Petruchio expulsa Heitor da fazenda. Corn\u00e9lio manda Dinor\u00e1 pentear os seus bigodes. Ela o beija, mas ele continua humilhando-a. Dalva quer que a filha aceite a corte de Heitor. <\/p>\n<p>Catarina entrega F\u00e1bio. Lourdes e B\u00e1rbara espreitam e arrastam o falso mudo para casa. Marcela e Petruchio se encontram na igreja. Ele fica sabendo que Lindinha esteve na sala. Catarina exige que Batista arrume um bom advogado para Edmundo. Catarina fica pasma ao saber dos planos de fuga do marido.<\/p>\n<p>(*) edi\u00e7\u00e3o das novelas da Globo, &#8220;O Cravo e a Rosa&#8221;, sujeito a altera\u00e7\u00e3o de data e conte\u00fado.<\/p>\n<p>Sinopse &#8220;O Cravo e a Rosa&#8221;: Catarina Batista \u00e9 uma mulher moderna, na r\u00edgida sociedade paulista da d\u00e9cada de 1920, que recusa o papel feminino de se restringir a lavar ceroulas em um tanque. Juli\u00e3o Petruchio \u00e9 um homem rude, para quem a mulher deve ser a &#8220;rainha do lar&#8221;. Duas pessoas t\u00e3o diferentes vivem um romance contradit\u00f3rio.<\/p>\n<p>Conhecida como &#8216;a fera&#8217;, por botar todos os seus pretendentes para correr, Catarina vai esbarrar na teimosia c\u00ednica de Petruchio que, inicialmente, decide conquist\u00e1-la para, com o dote do casamento, salvar sua fazenda de ser hipotecada. Eles acabam se apaixonando, mas n\u00e3o d\u00e3o o bra\u00e7o a torcer, vivenciando cenas muito bem-humoradas de discuss\u00f5es e brigas vulc\u00e2nicas. Ele fingindo-se de &#8216;cordeirinho&#8217;, e ela cada vez mais furiosa com sua insist\u00eancia.<\/p>\n","protected":false},"excerpt":{"rendered":"<p>Resumo da novela &#8220;O Cravo e a Rosa&#8221; em 15\/09: no cap\u00edtulo 200(*) da novela, o padre impede que os dois entrem. Serafim estranha a presen\u00e7a de Corn\u00e9lio na igreja. Catarina manda que Calixto e Mimosa se aprontem para o noivado e percebe que eles nada sabiam. Petruchio disfar\u00e7a e finge ter esquecido de dar [&hellip;]<\/p>\n","protected":false},"author":2,"featured_media":213218,"comment_status":"closed","ping_status":"closed","sticky":false,"template":"","format":"standard","meta":{"tdm_status":"","tdm_grid_status":"","footnotes":""},"categories":[379,2227,375,2025,343],"tags":[441],"class_list":{"0":"post-223992","1":"post","2":"type-post","3":"status-publish","4":"format-standard","5":"has-post-thumbnail","7":"category-novelas","8":"category-o-cravo-e-a-rosa","9":"category-rede-globo","10":"category-resumo","11":"category-televisao","12":"tag-resumo-do-dia"},"_links":{"self":[{"href":"https:\/\/migracao.redenoticia.com.br\/noticia\/wp-json\/wp\/v2\/posts\/223992","targetHints":{"allow":["GET"]}}],"collection":[{"href":"https:\/\/migracao.redenoticia.com.br\/noticia\/wp-json\/wp\/v2\/posts"}],"about":[{"href":"https:\/\/migracao.redenoticia.com.br\/noticia\/wp-json\/wp\/v2\/types\/post"}],"author":[{"embeddable":true,"href":"https:\/\/migracao.redenoticia.com.br\/noticia\/wp-json\/wp\/v2\/users\/2"}],"replies":[{"embeddable":true,"href":"https:\/\/migracao.redenoticia.com.br\/noticia\/wp-json\/wp\/v2\/comments?post=223992"}],"version-history":[{"count":0,"href":"https:\/\/migracao.redenoticia.com.br\/noticia\/wp-json\/wp\/v2\/posts\/223992\/revisions"}],"wp:featuredmedia":[{"embeddable":true,"href":"https:\/\/migracao.redenoticia.com.br\/noticia\/wp-json\/wp\/v2\/media\/213218"}],"wp:attachment":[{"href":"https:\/\/migracao.redenoticia.com.br\/noticia\/wp-json\/wp\/v2\/media?parent=223992"}],"wp:term":[{"taxonomy":"category","embeddable":true,"href":"https:\/\/migracao.redenoticia.com.br\/noticia\/wp-json\/wp\/v2\/categories?post=223992"},{"taxonomy":"post_tag","embeddable":true,"href":"https:\/\/migracao.redenoticia.com.br\/noticia\/wp-json\/wp\/v2\/tags?post=223992"}],"curies":[{"name":"wp","href":"https:\/\/api.w.org\/{rel}","templated":true}]}}