{"id":2240,"date":"2009-06-02T07:39:12","date_gmt":"2009-06-02T11:39:12","guid":{"rendered":"http:\/\/www.redenoticia.com.br\/noticia\/?p=2240"},"modified":"2009-06-02T07:39:12","modified_gmt":"2009-06-02T11:39:12","slug":"para-camargo-correa-executivos-nao-tem-responsabilidade-penal","status":"publish","type":"post","link":"https:\/\/migracao.redenoticia.com.br\/noticia\/2009\/para-camargo-correa-executivos-nao-tem-responsabilidade-penal\/2240","title":{"rendered":"Para Camargo Corr\u00eaa, executivos n\u00e3o t\u00eam responsabilidade penal"},"content":{"rendered":"<p><span class=\"assinatura11\"><\/span><span style=\"font-size: 11pt; font-family: Arial;\">A construtora Camargo Corr\u00eaa defendeu, em nota, os executivos da empresa denunciados ontem (1\u00b0) pelo Minist\u00e9rio P\u00fablico Federal (MPF) por participa\u00e7\u00e3o em um suposto esquema criminoso de c\u00e2mbio ilegal paralelo, evas\u00e3o de divisas, fraude contra o sistema financeiro e lavagem de dinheiro.<\/p>\n<p>\u201cO processo de investiga\u00e7\u00e3o e o processo judicial s\u00e3o partes fundamentais das regras de uma na\u00e7\u00e3o democr\u00e1tica. A Camargo Corr\u00eaa acredita que seus profissionais n\u00e3o tenham responsabilidade penal. Esses profissionais contam com a constitucional presun\u00e7\u00e3o de inoc\u00eancia at\u00e9 o fim do devido processo legal, no qual eles exercer\u00e3o amplo direito de defesa\u201d, diz a nota, divulgada na noite de ontem (1\u00b0).<\/p>\n<p>A den\u00fancia do MPF foi baseada em dados levantados pela Opera\u00e7\u00e3o Castelo de Areia, da Pol\u00edcia Federal (PF), realizada em mar\u00e7o deste ano.<\/p>\n<p>A empreiteira ainda ressaltou, na nota, que vai colaborar com as investiga\u00e7\u00f5es. \u201cA construtora est\u00e1 comprometida com as institui\u00e7\u00f5es, com a legalidade e com o desenvolvimento dos pa\u00edses onde atua, com seus profissionais, e vai cooperar com as investiga\u00e7\u00f5es com postura \u00e0 altura das responsabilidades e dos valores desta organiza\u00e7\u00e3o de 70 anos de contribui\u00e7\u00e3o para o Brasil\u201d.<\/span><\/p>\n<p class=\"MsoNormal\" style=\"margin-bottom: 12pt;\"><span class=\"assinatura11\"><span style=\"font-size: 11pt; font-family: Arial; color: windowtext;\"><!-- .replace('','').replace('\n\n','') -->Bruno Bocchini <\/span><\/span><span style=\"font-size: 11pt; font-family: Arial;\"><br \/>\n<span class=\"assinatura11\"><em><span style=\"font-family: Arial; color: windowtext;\">Rep\u00f3rter da Ag\u00eancia Brasil<\/span><\/em><\/span><span class=\"assinatura11\"><span style=\"font-family: Arial; color: windowtext;\"> <\/span><\/span><\/span><\/p>\n<p class=\"MsoNormal\" style=\"margin-bottom: 12pt;\"><span class=\"rodape11\"><span style=\"font-size: 11pt; font-family: Arial; color: windowtext;\">Edi\u00e7\u00e3o: Gra\u00e7a Adjuto<\/span><\/span><span style=\"font-size: 11pt; font-family: Arial;\"> <\/span><\/p>\n","protected":false},"excerpt":{"rendered":"<p>A construtora Camargo Corr\u00eaa defendeu, em nota, os executivos da empresa denunciados ontem (1\u00b0) pelo Minist\u00e9rio P\u00fablico Federal (MPF) por participa\u00e7\u00e3o em um suposto esquema criminoso de c\u00e2mbio ilegal paralelo, evas\u00e3o de divisas, fraude contra o sistema financeiro e lavagem de dinheiro. \u201cO processo de investiga\u00e7\u00e3o e o processo judicial s\u00e3o partes fundamentais das regras [&hellip;]<\/p>\n","protected":false},"author":3,"featured_media":0,"comment_status":"open","ping_status":"open","sticky":false,"template":"","format":"standard","meta":{"tdm_status":"","tdm_grid_status":"","footnotes":""},"categories":[22,7],"tags":[],"class_list":{"0":"post-2240","1":"post","2":"type-post","3":"status-publish","4":"format-standard","6":"category-brasil","7":"category-economia"},"_links":{"self":[{"href":"https:\/\/migracao.redenoticia.com.br\/noticia\/wp-json\/wp\/v2\/posts\/2240","targetHints":{"allow":["GET"]}}],"collection":[{"href":"https:\/\/migracao.redenoticia.com.br\/noticia\/wp-json\/wp\/v2\/posts"}],"about":[{"href":"https:\/\/migracao.redenoticia.com.br\/noticia\/wp-json\/wp\/v2\/types\/post"}],"author":[{"embeddable":true,"href":"https:\/\/migracao.redenoticia.com.br\/noticia\/wp-json\/wp\/v2\/users\/3"}],"replies":[{"embeddable":true,"href":"https:\/\/migracao.redenoticia.com.br\/noticia\/wp-json\/wp\/v2\/comments?post=2240"}],"version-history":[{"count":0,"href":"https:\/\/migracao.redenoticia.com.br\/noticia\/wp-json\/wp\/v2\/posts\/2240\/revisions"}],"wp:attachment":[{"href":"https:\/\/migracao.redenoticia.com.br\/noticia\/wp-json\/wp\/v2\/media?parent=2240"}],"wp:term":[{"taxonomy":"category","embeddable":true,"href":"https:\/\/migracao.redenoticia.com.br\/noticia\/wp-json\/wp\/v2\/categories?post=2240"},{"taxonomy":"post_tag","embeddable":true,"href":"https:\/\/migracao.redenoticia.com.br\/noticia\/wp-json\/wp\/v2\/tags?post=2240"}],"curies":[{"name":"wp","href":"https:\/\/api.w.org\/{rel}","templated":true}]}}