{"id":224097,"date":"2022-09-18T14:19:55","date_gmt":"2022-09-18T17:19:55","guid":{"rendered":"https:\/\/www.redenoticia.com.br\/noticia\/?p=224097"},"modified":"2022-09-18T14:28:56","modified_gmt":"2022-09-18T17:28:56","slug":"resumo-o-cravo-e-a-rosa-19-09-calixto-nao-sabe-o-que-fazer-na-lua-de-mel","status":"publish","type":"post","link":"https:\/\/migracao.redenoticia.com.br\/noticia\/2022\/resumo-o-cravo-e-a-rosa-19-09-calixto-nao-sabe-o-que-fazer-na-lua-de-mel\/224097","title":{"rendered":"Resumo &#8220;O Cravo e a Rosa&#8221; 19\/09: Marcela fica furiosa porque o marido ajuda Edmundo"},"content":{"rendered":"<p> <img loading=\"lazy\" decoding=\"async\" src=\"https:\/\/migracao.redenoticia.com.br\/noticia\/imagens\/o-cravo-e-a-rosa-elenco-resumo-sinopse.jpeg\" alt=\"\" width=\"1280\" height=\"720\" class=\"aligncenter size-full wp-image-213217\" srcset=\"https:\/\/migracao.redenoticia.com.br\/noticia\/imagens\/o-cravo-e-a-rosa-elenco-resumo-sinopse.jpeg 1280w, https:\/\/migracao.redenoticia.com.br\/noticia\/imagens\/o-cravo-e-a-rosa-elenco-resumo-sinopse-250x140.jpeg 250w, https:\/\/migracao.redenoticia.com.br\/noticia\/imagens\/o-cravo-e-a-rosa-elenco-resumo-sinopse-400x225.jpeg 400w, https:\/\/migracao.redenoticia.com.br\/noticia\/imagens\/o-cravo-e-a-rosa-elenco-resumo-sinopse-768x432.jpeg 768w, https:\/\/migracao.redenoticia.com.br\/noticia\/imagens\/o-cravo-e-a-rosa-elenco-resumo-sinopse-150x85.jpeg 150w\" sizes=\"auto, (max-width: 1280px) 100vw, 1280px\" \/><\/p>\n<p><em><strong>Resumo da novela &#8220;O Cravo e a Rosa&#8221;<\/strong><\/em> em 19\/09: no cap\u00edtulo 202(*) da novela, Petruchio desconversa sobre o abandono do filho. Dinor\u00e1 teme ser seduzida pelo novo Corn\u00e9lio. Bianca pede que Edmundo aceite o advogado. Neca sugere que Catarina prepare uma armadilha para Petruchio, para confirmar se ele \u00e9 culpado ou inocente. Calixto n\u00e3o sabe o que fazer na lua de mel. Dinor\u00e1 se oferece para fazer tudo o que Corn\u00e9lio quiser, mas ele a humilha. B\u00e1rbara e Lourdes morrem de saudades do mudinho, ele tamb\u00e9m est\u00e1 saudoso das duas. Celso insiste, mas Candoca n\u00e3o quer lhe dar mais uma oportunidade.<\/p>\n<p>Heitor convida-a para ir com ele ao casamento de Josefa. Lindinha escapa da conversa com Petruchio. Catarina conta tudo para o pai e pede ajuda para desmascarar Marcela e Petruchio. Catarina e Batista planejam tudo: jogar\u00e3o uma isca e ouvir\u00e3o a conversa entre os traidores. Bianca enfrenta o pai e garante que vai lutar pelo seu amor. Marcela fica furiosa porque o marido ajuda Edmundo. Catarina pede a Buscap\u00e9 que esconda a Carij\u00f3 e faz Petruchio procurar pela galinha.<\/p>\n<p>Dinor\u00e1 se arrepende das suas aulas de violino. B\u00e1rbara e Lourdes pensam na possibilidade de perdoar o mudinho. Calixto e Petruchio voltam da busca cheios de espinhos pelo corpo. Catarina faz com que o marido durma no ch\u00e3o. Joaquim e Josefa v\u00e3o para a igreja. Heitor pede que F\u00e1bio acompanhe Dalva e Candoca. Celso vai em seu lugar. Catarina solta a isca: avisa Petruchio que a hipoteca da fazenda est\u00e1 guardada no comit\u00ea de Batista.<\/p>\n<p>(*) edi\u00e7\u00e3o das novelas da Globo, &#8220;O Cravo e a Rosa&#8221;, sujeito a altera\u00e7\u00e3o de data e conte\u00fado.<\/p>\n<p>Sinopse &#8220;O Cravo e a Rosa&#8221;: Catarina Batista \u00e9 uma mulher moderna, na r\u00edgida sociedade paulista da d\u00e9cada de 1920, que recusa o papel feminino de se restringir a lavar ceroulas em um tanque. Juli\u00e3o Petruchio \u00e9 um homem rude, para quem a mulher deve ser a &#8220;rainha do lar&#8221;. Duas pessoas t\u00e3o diferentes vivem um romance contradit\u00f3rio.<\/p>\n<p>Conhecida como &#8216;a fera&#8217;, por botar todos os seus pretendentes para correr, Catarina vai esbarrar na teimosia c\u00ednica de Petruchio que, inicialmente, decide conquist\u00e1-la para, com o dote do casamento, salvar sua fazenda de ser hipotecada. Eles acabam se apaixonando, mas n\u00e3o d\u00e3o o bra\u00e7o a torcer, vivenciando cenas muito bem-humoradas de discuss\u00f5es e brigas vulc\u00e2nicas. Ele fingindo-se de &#8216;cordeirinho&#8217;, e ela cada vez mais furiosa com sua insist\u00eancia.<\/p>\n","protected":false},"excerpt":{"rendered":"<p>Resumo da novela &#8220;O Cravo e a Rosa&#8221; em 19\/09: no cap\u00edtulo 202(*) da novela, Petruchio desconversa sobre o abandono do filho. Dinor\u00e1 teme ser seduzida pelo novo Corn\u00e9lio. Bianca pede que Edmundo aceite o advogado. Neca sugere que Catarina prepare uma armadilha para Petruchio, para confirmar se ele \u00e9 culpado ou inocente. Calixto n\u00e3o [&hellip;]<\/p>\n","protected":false},"author":2,"featured_media":213218,"comment_status":"closed","ping_status":"closed","sticky":false,"template":"","format":"standard","meta":{"tdm_status":"","tdm_grid_status":"","footnotes":""},"categories":[379,2227,375,2025,343],"tags":[441],"class_list":{"0":"post-224097","1":"post","2":"type-post","3":"status-publish","4":"format-standard","5":"has-post-thumbnail","7":"category-novelas","8":"category-o-cravo-e-a-rosa","9":"category-rede-globo","10":"category-resumo","11":"category-televisao","12":"tag-resumo-do-dia"},"_links":{"self":[{"href":"https:\/\/migracao.redenoticia.com.br\/noticia\/wp-json\/wp\/v2\/posts\/224097","targetHints":{"allow":["GET"]}}],"collection":[{"href":"https:\/\/migracao.redenoticia.com.br\/noticia\/wp-json\/wp\/v2\/posts"}],"about":[{"href":"https:\/\/migracao.redenoticia.com.br\/noticia\/wp-json\/wp\/v2\/types\/post"}],"author":[{"embeddable":true,"href":"https:\/\/migracao.redenoticia.com.br\/noticia\/wp-json\/wp\/v2\/users\/2"}],"replies":[{"embeddable":true,"href":"https:\/\/migracao.redenoticia.com.br\/noticia\/wp-json\/wp\/v2\/comments?post=224097"}],"version-history":[{"count":0,"href":"https:\/\/migracao.redenoticia.com.br\/noticia\/wp-json\/wp\/v2\/posts\/224097\/revisions"}],"wp:featuredmedia":[{"embeddable":true,"href":"https:\/\/migracao.redenoticia.com.br\/noticia\/wp-json\/wp\/v2\/media\/213218"}],"wp:attachment":[{"href":"https:\/\/migracao.redenoticia.com.br\/noticia\/wp-json\/wp\/v2\/media?parent=224097"}],"wp:term":[{"taxonomy":"category","embeddable":true,"href":"https:\/\/migracao.redenoticia.com.br\/noticia\/wp-json\/wp\/v2\/categories?post=224097"},{"taxonomy":"post_tag","embeddable":true,"href":"https:\/\/migracao.redenoticia.com.br\/noticia\/wp-json\/wp\/v2\/tags?post=224097"}],"curies":[{"name":"wp","href":"https:\/\/api.w.org\/{rel}","templated":true}]}}