{"id":22410,"date":"2010-01-26T16:07:26","date_gmt":"2010-01-26T20:07:26","guid":{"rendered":"http:\/\/www.redenoticia.com.br\/noticia\/?p=22410"},"modified":"2010-01-26T16:07:26","modified_gmt":"2010-01-26T20:07:26","slug":"expedicao-jornalistica-mostra-potencial-das-cidades-brasileiras","status":"publish","type":"post","link":"https:\/\/migracao.redenoticia.com.br\/noticia\/2010\/expedicao-jornalistica-mostra-potencial-das-cidades-brasileiras\/22410","title":{"rendered":"Expedi\u00e7\u00e3o jornal\u00edstica mostra potencial das cidades brasileiras"},"content":{"rendered":"<p>Em busca de lugares com potencialidade tur\u00edstica pouco conhecida pela maioria dos brasileiros, a expedi\u00e7\u00e3o jornal\u00edstica \u201cBrasil cada canto um encanto\u201d, idealizada pelo jornalista La\u00e9rcio Guidio, volta para estrada para \u201cca\u00e7ar para\u00edsos\u201d e mostrar o que o maior pa\u00eds da Am\u00e9rica Latina tem de bom a oferecer.<\/p>\n<p>A expedi\u00e7\u00e3o j\u00e1\u00a0percorreu v\u00e1rias cidades pelos seguintes Estados: Mato Grosso, Minas Gerais, Esp\u00edrito Santo e Bahia; agora continua a viagem para mostrar outros lugares interessantes, visando fomentar a vontade dos brasileiros em viajar pelo Brasil e divulgar cidades esquecidas pela grande m\u00eddia.<\/p>\n<p>Com parceria com jornais, sites e revistas de v\u00e1rios Estados, todo material elaborado \u00e9 disponibilizado para os quatro cantos do pa\u00eds. O microblog twitter tamb\u00e9m vem a ser uma importante ferramenta para divulgar as cidades visitadas, com um p\u00fablico seleto que acompanha a viagem desde o in\u00edcio a fim de descobrir novos lugares para viajar.<\/p>\n<p>A expedi\u00e7\u00e3o ganhou destaque na imprensa especializada em jornalismo, a Revista Imprensa noticiou a viagem jornal\u00edstica com o seguinte t\u00edtulo: \u201cJornalista La\u00e9rcio Guidio viaja pelo BR para mostrar destinos pouco conhecidos.\u201d<\/p>\n<p>Qualquer cidade que tenha belezas naturais e queira mostrar suas potencialidades pode vir a receber a visita da expedi\u00e7\u00e3o, que em tr\u00eas dias elenca os principais pontos tur\u00edsticos do local e oferece aos leitores novas oportunidades de turismo e lazer, al\u00e9m dos tradicionais locais oferecidos pelas ag\u00eancias do setor.<\/p>\n<p>A Prefeitura que quiser agendar a visita da expedi\u00e7\u00e3o \u201cBrasil cada canto um encanto\u201d deve entrar em contato pelo endere\u00e7o eletr\u00f4nico:\u00a0<a href=\"mailto:cadacantoumencanto@gmail.com\" target=\"_blank\">cadacantoumencanto@gmail.com<\/a><\/p>\n<p><strong>Saiba mais<\/strong><\/p>\n<p>Blog:\u00a0<a href=\"http:\/\/cadacantoumencanto.blogspot.com\/\" target=\"_blank\">http:\/\/cadacantoumencanto.blogspot.com<\/a><\/p>\n<p>Twitter:\u00a0<a href=\"http:\/\/twitter.com\/BrasilCadaCanto\" target=\"_blank\">http:\/\/twitter.com\/BrasilCadaCanto<\/a><\/p>\n","protected":false},"excerpt":{"rendered":"<p>Em busca de lugares com potencialidade tur\u00edstica pouco conhecida pela maioria dos brasileiros, a expedi\u00e7\u00e3o jornal\u00edstica \u201cBrasil cada canto um encanto\u201d, idealizada pelo jornalista La\u00e9rcio Guidio, volta para estrada para \u201cca\u00e7ar para\u00edsos\u201d e mostrar o que o maior pa\u00eds da Am\u00e9rica Latina tem de bom a oferecer. A expedi\u00e7\u00e3o j\u00e1\u00a0percorreu v\u00e1rias cidades pelos seguintes Estados: [&hellip;]<\/p>\n","protected":false},"author":2,"featured_media":0,"comment_status":"open","ping_status":"open","sticky":false,"template":"","format":"standard","meta":{"tdm_status":"","tdm_grid_status":"","footnotes":""},"categories":[22],"tags":[],"class_list":{"0":"post-22410","1":"post","2":"type-post","3":"status-publish","4":"format-standard","6":"category-brasil"},"_links":{"self":[{"href":"https:\/\/migracao.redenoticia.com.br\/noticia\/wp-json\/wp\/v2\/posts\/22410","targetHints":{"allow":["GET"]}}],"collection":[{"href":"https:\/\/migracao.redenoticia.com.br\/noticia\/wp-json\/wp\/v2\/posts"}],"about":[{"href":"https:\/\/migracao.redenoticia.com.br\/noticia\/wp-json\/wp\/v2\/types\/post"}],"author":[{"embeddable":true,"href":"https:\/\/migracao.redenoticia.com.br\/noticia\/wp-json\/wp\/v2\/users\/2"}],"replies":[{"embeddable":true,"href":"https:\/\/migracao.redenoticia.com.br\/noticia\/wp-json\/wp\/v2\/comments?post=22410"}],"version-history":[{"count":0,"href":"https:\/\/migracao.redenoticia.com.br\/noticia\/wp-json\/wp\/v2\/posts\/22410\/revisions"}],"wp:attachment":[{"href":"https:\/\/migracao.redenoticia.com.br\/noticia\/wp-json\/wp\/v2\/media?parent=22410"}],"wp:term":[{"taxonomy":"category","embeddable":true,"href":"https:\/\/migracao.redenoticia.com.br\/noticia\/wp-json\/wp\/v2\/categories?post=22410"},{"taxonomy":"post_tag","embeddable":true,"href":"https:\/\/migracao.redenoticia.com.br\/noticia\/wp-json\/wp\/v2\/tags?post=22410"}],"curies":[{"name":"wp","href":"https:\/\/api.w.org\/{rel}","templated":true}]}}