{"id":22413,"date":"2010-01-26T16:09:53","date_gmt":"2010-01-26T20:09:53","guid":{"rendered":"http:\/\/www.redenoticia.com.br\/noticia\/?p=22413"},"modified":"2010-01-26T16:09:53","modified_gmt":"2010-01-26T20:09:53","slug":"pesquisa-dimensiona-empregos-gerados-no-turismo","status":"publish","type":"post","link":"https:\/\/migracao.redenoticia.com.br\/noticia\/2010\/pesquisa-dimensiona-empregos-gerados-no-turismo\/22413","title":{"rendered":"Pesquisa dimensiona empregos gerados no turismo"},"content":{"rendered":"<p>O Minist\u00e9rio do Turismo (MTur) dar\u00e1 mais um passo no sentido de\u00a0 aprimorar as informa\u00e7\u00f5es sobre os empregos gerados pelo turismo. O Instituto de Pesquisa Econ\u00f4mica Aplicada (IPEA), por meio da empresa Apoio 3, inicia no pr\u00f3ximo dia 30 uma pesquisa que vai atualizar e refinar os dados sobre a m\u00e3o-de-obra ocupada na atividade tur\u00edstica.<\/p>\n<p>Representantes de 18 mil estabelecimentos de todo o pa\u00eds ser\u00e3o entrevistados por telefone. A pesquisa contempla as Atividades Caracter\u00edsticas do Turismo (ACTs) como alojamento, ag\u00eancias de viagem, transportes (a\u00e9reo, terrestre e outras modalidades), alimenta\u00e7\u00e3o, auxiliar de transportes, aluguel de transportes, cultura e lazer.<\/p>\n<p>Hoje, o MTur trabalha com base nas informa\u00e7\u00f5es da Rela\u00e7\u00e3o Anual de Informa\u00e7\u00f5es Sociais (RAIS), do Minist\u00e9rio do Trabalho e Emprego (MTE), e da Pesquisa Nacional por Amostragem Domiciliar (PNAD), do Instituto Brasileiro de Geografia e Estat\u00edstica (IBGE). Esses dados fornecem a dimens\u00e3o da ocupa\u00e7\u00e3o formal e informal para as ACTs, mas n\u00e3o distinguem quanto dessa ocupa\u00e7\u00e3o \u00e9 gerada por turistas e quanto \u00e9 gerada por residentes.<\/p>\n<p>O que se pretende agora \u00e9 refinar e aprofundar o conhecimento sobre o setor para se obter um real dimensionamento da extens\u00e3o e das caracter\u00edsticas da m\u00e3o-de-obra empregada pelo turismo. Ao receber a liga\u00e7\u00e3o, o representante do estabelecimento dever\u00e1 informar ao pesquisador, por exemplo, a propor\u00e7\u00e3o de atendimentos a turistas e a moradores da cidade.<\/p>\n<p>\u201cAo diferenciar os clientes do estabelecimento em turistas, a pesquisa fornecer\u00e1 um diagn\u00f3stico dos empregos gerados pelo setor em cada estado. Assim, auxiliar\u00e1 na formula\u00e7\u00e3o de pol\u00edticas que contribuir\u00e3o para o desenvolvimento do setor, o que \u00e9 interesse de todos os envolvidos\u201d, afirma o ministro do Turismo, Luiz Barretto.<\/p>\n<p>Segundo o presidente do IPEA, Marcio Pochmann, por meio dessas estat\u00edsticas ser\u00e1 poss\u00edvel avaliar com mais precis\u00e3o os impactos socioecon\u00f4micos do turismo no pa\u00eds.<\/p>\n<p>Para o sucesso da pesquisa, \u00e9 essencial a colabora\u00e7\u00e3o das entidades representativas do setor na divulga\u00e7\u00e3o da pesquisa aos afiliados e o fornecimento de informa\u00e7\u00f5es completas e corretas sobre o estabelecimento e sua clientela. A privacidade do estabelecimento e o sigilo das informa\u00e7\u00f5es fornecidas est\u00e3o garantidos.<\/p>\n<p>Entre dezembro de 2004 e junho de 2005, foi realizada uma\u00a0pesquisa semelhante. Devido \u00e0 mudan\u00e7a dos h\u00e1bitos de consumo da popula\u00e7\u00e3o, uma nova pesquisa \u00e9 necess\u00e1ria como forma de atualizar as informa\u00e7\u00f5es. Os resultados da pesquisa, junto com dados do MTE e IBGE permitir\u00e3o conhecer melhor a dimens\u00e3o dos empregos gerados pelo turismo e o perfil dos empregados.<\/p>\n<p>Qualquer esclarecimento adicional poder\u00e1 ser feito direto com a coordena\u00e7\u00e3o da pesquisa, em Bras\u00edlia, pelo e-mail<a title=\"blocked::mailto:ipea.turismo@ipea.gov.br\" href=\"mailto:ipea.turismo@ipea.gov.br\" target=\"_blank\">ipea.turismo@ipea.gov.br<\/a> ou por meio do telefone (61) 3315- 5555. A liga\u00e7\u00e3o pode ser feita a cobrar, de segunda a sexta, entre 9h e 16h.<\/p>\n","protected":false},"excerpt":{"rendered":"<p>O Minist\u00e9rio do Turismo (MTur) dar\u00e1 mais um passo no sentido de\u00a0 aprimorar as informa\u00e7\u00f5es sobre os empregos gerados pelo turismo. O Instituto de Pesquisa Econ\u00f4mica Aplicada (IPEA), por meio da empresa Apoio 3, inicia no pr\u00f3ximo dia 30 uma pesquisa que vai atualizar e refinar os dados sobre a m\u00e3o-de-obra ocupada na atividade tur\u00edstica. [&hellip;]<\/p>\n","protected":false},"author":2,"featured_media":0,"comment_status":"open","ping_status":"open","sticky":false,"template":"","format":"standard","meta":{"tdm_status":"","tdm_grid_status":"","footnotes":""},"categories":[22],"tags":[],"class_list":{"0":"post-22413","1":"post","2":"type-post","3":"status-publish","4":"format-standard","6":"category-brasil"},"_links":{"self":[{"href":"https:\/\/migracao.redenoticia.com.br\/noticia\/wp-json\/wp\/v2\/posts\/22413","targetHints":{"allow":["GET"]}}],"collection":[{"href":"https:\/\/migracao.redenoticia.com.br\/noticia\/wp-json\/wp\/v2\/posts"}],"about":[{"href":"https:\/\/migracao.redenoticia.com.br\/noticia\/wp-json\/wp\/v2\/types\/post"}],"author":[{"embeddable":true,"href":"https:\/\/migracao.redenoticia.com.br\/noticia\/wp-json\/wp\/v2\/users\/2"}],"replies":[{"embeddable":true,"href":"https:\/\/migracao.redenoticia.com.br\/noticia\/wp-json\/wp\/v2\/comments?post=22413"}],"version-history":[{"count":0,"href":"https:\/\/migracao.redenoticia.com.br\/noticia\/wp-json\/wp\/v2\/posts\/22413\/revisions"}],"wp:attachment":[{"href":"https:\/\/migracao.redenoticia.com.br\/noticia\/wp-json\/wp\/v2\/media?parent=22413"}],"wp:term":[{"taxonomy":"category","embeddable":true,"href":"https:\/\/migracao.redenoticia.com.br\/noticia\/wp-json\/wp\/v2\/categories?post=22413"},{"taxonomy":"post_tag","embeddable":true,"href":"https:\/\/migracao.redenoticia.com.br\/noticia\/wp-json\/wp\/v2\/tags?post=22413"}],"curies":[{"name":"wp","href":"https:\/\/api.w.org\/{rel}","templated":true}]}}