{"id":224156,"date":"2022-09-19T14:02:34","date_gmt":"2022-09-19T17:02:34","guid":{"rendered":"https:\/\/www.redenoticia.com.br\/noticia\/?p=224156"},"modified":"2022-09-19T14:02:34","modified_gmt":"2022-09-19T17:02:34","slug":"resumo-o-cravo-e-a-rosa-20-09-joaquim-morre-no-altar","status":"publish","type":"post","link":"https:\/\/migracao.redenoticia.com.br\/noticia\/2022\/resumo-o-cravo-e-a-rosa-20-09-joaquim-morre-no-altar\/224156","title":{"rendered":"Resumo &#8220;O Cravo e a Rosa&#8221; 20\/09: Joaquim morre no altar"},"content":{"rendered":"<p> <img loading=\"lazy\" decoding=\"async\" src=\"https:\/\/migracao.redenoticia.com.br\/noticia\/imagens\/o-cravo-e-a-rosa-elenco-resumo-sinopse.jpeg\" alt=\"\" width=\"1280\" height=\"720\" class=\"aligncenter size-full wp-image-213217\" srcset=\"https:\/\/migracao.redenoticia.com.br\/noticia\/imagens\/o-cravo-e-a-rosa-elenco-resumo-sinopse.jpeg 1280w, https:\/\/migracao.redenoticia.com.br\/noticia\/imagens\/o-cravo-e-a-rosa-elenco-resumo-sinopse-250x140.jpeg 250w, https:\/\/migracao.redenoticia.com.br\/noticia\/imagens\/o-cravo-e-a-rosa-elenco-resumo-sinopse-400x225.jpeg 400w, https:\/\/migracao.redenoticia.com.br\/noticia\/imagens\/o-cravo-e-a-rosa-elenco-resumo-sinopse-768x432.jpeg 768w, https:\/\/migracao.redenoticia.com.br\/noticia\/imagens\/o-cravo-e-a-rosa-elenco-resumo-sinopse-150x85.jpeg 150w\" sizes=\"auto, (max-width: 1280px) 100vw, 1280px\" \/><\/p>\n<p><em><strong>Resumo da novela &#8220;O Cravo e a Rosa&#8221;<\/strong><\/em> em 20\/09: no cap\u00edtulo 203(*) da novela, come\u00e7a o casamento de Joaquim e Josefa. O delegado liberta Edmundo. Na hora do sim, Joaquim cai duro. Joaquim morre no altar e Josefa tem certeza que a herdeira ser\u00e1 ela. Marcela finge estar morta de tristeza e permanece o tempo todo com a porquinha no colo. Ezequiel d\u00e1 for\u00e7a para Janu\u00e1rio, que sofre de verdade. O testamenteiro pede que os herdeiros assinem um termo se comprometendo a n\u00e3o contestar o testamento. O advogado libera o dinheiro encontrado no quarto de Edmundo. B\u00e1rbara e Lourdes querem que F\u00e1bio escolha uma das duas.<\/p>\n<p>Josefa se desespera ao saber que a porquinha \u00e9 a herdeira. Marcela mostra o recibo da compra da porquinha e expulsa Janu\u00e1rio. Batista estranha a frieza da mulher. Ezequiel abriga Janu\u00e1rio. Edmundo e Bianca se abra\u00e7am e se beijam. Bianca declara que vai esperar Edmundo. Marcela instiga Serafim e Heitor a encontrarem as ap\u00f3lices. Os dois pressionam Lindinha, mas Janu\u00e1rio interfere. Ao saber que ele est\u00e1 pobre, Lindinha nem d\u00e1 papo para Janu\u00e1rio. Joana conta tudo o que aconteceu. Edmundo agradece a bondade dela, que oferece a casa para ele morar, enquanto ela fica na fazenda. Bianca e Edmundo enfrentam Batista.<\/p>\n<p>Joana avisa Batista que quando ficar boa vai embora da cidade. Dinor\u00e1 s\u00f3 pensa em Corn\u00e9lio. Batista, Bianca e Catarina se escondem no comit\u00ea eleitoral e d\u00e3o um flagrante em Marcela e Petruchio. Petruchio tenta se explicar, sem sucesso. Marcela arruma a mala e amea\u00e7a fazer um esc\u00e2ndalo se Batista n\u00e3o lhe der dinheiro. Catarina expulsa Petruchio da casa de seu pai. Na fazenda, Petruchio sofre. Corn\u00e9lio obriga Dinor\u00e1 a pentear os seus cabelos e a humilha com a gorjeta. Marcela, hospedada no hotel, manda Dinor\u00e1 arrumar o seu banho. Lourdes e B\u00e1rbara marcam um encontro com F\u00e1bio. Teodoro exige que Janu\u00e1rio se candidate.<\/p>\n<p>(*) edi\u00e7\u00e3o das novelas da Globo, &#8220;O Cravo e a Rosa&#8221;, sujeito a altera\u00e7\u00e3o de data e conte\u00fado.<\/p>\n<p>Sinopse &#8220;O Cravo e a Rosa&#8221;: Catarina Batista \u00e9 uma mulher moderna, na r\u00edgida sociedade paulista da d\u00e9cada de 1920, que recusa o papel feminino de se restringir a lavar ceroulas em um tanque. Juli\u00e3o Petruchio \u00e9 um homem rude, para quem a mulher deve ser a &#8220;rainha do lar&#8221;. Duas pessoas t\u00e3o diferentes vivem um romance contradit\u00f3rio.<\/p>\n<p>Conhecida como &#8216;a fera&#8217;, por botar todos os seus pretendentes para correr, Catarina vai esbarrar na teimosia c\u00ednica de Petruchio que, inicialmente, decide conquist\u00e1-la para, com o dote do casamento, salvar sua fazenda de ser hipotecada. Eles acabam se apaixonando, mas n\u00e3o d\u00e3o o bra\u00e7o a torcer, vivenciando cenas muito bem-humoradas de discuss\u00f5es e brigas vulc\u00e2nicas. Ele fingindo-se de &#8216;cordeirinho&#8217;, e ela cada vez mais furiosa com sua insist\u00eancia.<\/p>\n","protected":false},"excerpt":{"rendered":"<p>Resumo da novela &#8220;O Cravo e a Rosa&#8221; em 20\/09: no cap\u00edtulo 203(*) da novela, come\u00e7a o casamento de Joaquim e Josefa. O delegado liberta Edmundo. Na hora do sim, Joaquim cai duro. Joaquim morre no altar e Josefa tem certeza que a herdeira ser\u00e1 ela. Marcela finge estar morta de tristeza e permanece o [&hellip;]<\/p>\n","protected":false},"author":2,"featured_media":213218,"comment_status":"closed","ping_status":"closed","sticky":false,"template":"","format":"standard","meta":{"tdm_status":"","tdm_grid_status":"","footnotes":""},"categories":[379,2227,375,2025,343],"tags":[441],"class_list":{"0":"post-224156","1":"post","2":"type-post","3":"status-publish","4":"format-standard","5":"has-post-thumbnail","7":"category-novelas","8":"category-o-cravo-e-a-rosa","9":"category-rede-globo","10":"category-resumo","11":"category-televisao","12":"tag-resumo-do-dia"},"_links":{"self":[{"href":"https:\/\/migracao.redenoticia.com.br\/noticia\/wp-json\/wp\/v2\/posts\/224156","targetHints":{"allow":["GET"]}}],"collection":[{"href":"https:\/\/migracao.redenoticia.com.br\/noticia\/wp-json\/wp\/v2\/posts"}],"about":[{"href":"https:\/\/migracao.redenoticia.com.br\/noticia\/wp-json\/wp\/v2\/types\/post"}],"author":[{"embeddable":true,"href":"https:\/\/migracao.redenoticia.com.br\/noticia\/wp-json\/wp\/v2\/users\/2"}],"replies":[{"embeddable":true,"href":"https:\/\/migracao.redenoticia.com.br\/noticia\/wp-json\/wp\/v2\/comments?post=224156"}],"version-history":[{"count":0,"href":"https:\/\/migracao.redenoticia.com.br\/noticia\/wp-json\/wp\/v2\/posts\/224156\/revisions"}],"wp:featuredmedia":[{"embeddable":true,"href":"https:\/\/migracao.redenoticia.com.br\/noticia\/wp-json\/wp\/v2\/media\/213218"}],"wp:attachment":[{"href":"https:\/\/migracao.redenoticia.com.br\/noticia\/wp-json\/wp\/v2\/media?parent=224156"}],"wp:term":[{"taxonomy":"category","embeddable":true,"href":"https:\/\/migracao.redenoticia.com.br\/noticia\/wp-json\/wp\/v2\/categories?post=224156"},{"taxonomy":"post_tag","embeddable":true,"href":"https:\/\/migracao.redenoticia.com.br\/noticia\/wp-json\/wp\/v2\/tags?post=224156"}],"curies":[{"name":"wp","href":"https:\/\/api.w.org\/{rel}","templated":true}]}}