{"id":2242,"date":"2009-06-02T10:38:54","date_gmt":"2009-06-02T14:38:54","guid":{"rendered":"http:\/\/www.redenoticia.com.br\/noticia\/?p=2242"},"modified":"2009-06-02T10:38:54","modified_gmt":"2009-06-02T14:38:54","slug":"aparelho-para-detectar-gripe-suina","status":"publish","type":"post","link":"https:\/\/migracao.redenoticia.com.br\/noticia\/2009\/aparelho-para-detectar-gripe-suina\/2242","title":{"rendered":"Aparelho para detectar gripe su\u00edna"},"content":{"rendered":"<p>A empresa israelense Opgal Optronics Industries desenvolveu um dispositivo que pode ajudar a deter a expans\u00e3o da gripe su\u00edna (H1N1 ou influenza A) ainda nos aeroportos. O aparelho, denominado Fever Detection and Alarm System (FDA), consegue detectar, em tempo real, as pessoas que, numa multid\u00e3o, est\u00e3o com temperatura corporal elevada. Isso serve de alerta para que as autoridades sanit\u00e1rias tomem as devidas provid\u00eancias. O prot\u00f3tipo do FDA foi lan\u00e7ado durante a epidemia de SARS (gripe asi\u00e1tica), em 2003.<\/p>\n","protected":false},"excerpt":{"rendered":"<p>A empresa israelense Opgal Optronics Industries desenvolveu um dispositivo que pode ajudar a deter a expans\u00e3o da gripe su\u00edna (H1N1 ou influenza A) ainda nos aeroportos. O aparelho, denominado Fever Detection and Alarm System (FDA), consegue detectar, em tempo real, as pessoas que, numa multid\u00e3o, est\u00e3o com temperatura corporal elevada. Isso serve de alerta para [&hellip;]<\/p>\n","protected":false},"author":2,"featured_media":0,"comment_status":"open","ping_status":"open","sticky":false,"template":"","format":"standard","meta":{"tdm_status":"","tdm_grid_status":"","footnotes":""},"categories":[5],"tags":[],"class_list":{"0":"post-2242","1":"post","2":"type-post","3":"status-publish","4":"format-standard","6":"category-saude-e-vida"},"_links":{"self":[{"href":"https:\/\/migracao.redenoticia.com.br\/noticia\/wp-json\/wp\/v2\/posts\/2242","targetHints":{"allow":["GET"]}}],"collection":[{"href":"https:\/\/migracao.redenoticia.com.br\/noticia\/wp-json\/wp\/v2\/posts"}],"about":[{"href":"https:\/\/migracao.redenoticia.com.br\/noticia\/wp-json\/wp\/v2\/types\/post"}],"author":[{"embeddable":true,"href":"https:\/\/migracao.redenoticia.com.br\/noticia\/wp-json\/wp\/v2\/users\/2"}],"replies":[{"embeddable":true,"href":"https:\/\/migracao.redenoticia.com.br\/noticia\/wp-json\/wp\/v2\/comments?post=2242"}],"version-history":[{"count":0,"href":"https:\/\/migracao.redenoticia.com.br\/noticia\/wp-json\/wp\/v2\/posts\/2242\/revisions"}],"wp:attachment":[{"href":"https:\/\/migracao.redenoticia.com.br\/noticia\/wp-json\/wp\/v2\/media?parent=2242"}],"wp:term":[{"taxonomy":"category","embeddable":true,"href":"https:\/\/migracao.redenoticia.com.br\/noticia\/wp-json\/wp\/v2\/categories?post=2242"},{"taxonomy":"post_tag","embeddable":true,"href":"https:\/\/migracao.redenoticia.com.br\/noticia\/wp-json\/wp\/v2\/tags?post=2242"}],"curies":[{"name":"wp","href":"https:\/\/api.w.org\/{rel}","templated":true}]}}