{"id":22423,"date":"2010-01-26T16:18:14","date_gmt":"2010-01-26T20:18:14","guid":{"rendered":"http:\/\/www.redenoticia.com.br\/noticia\/?p=22423"},"modified":"2010-01-26T16:18:14","modified_gmt":"2010-01-26T20:18:14","slug":"festival-internacional-de-linguagem-eletronica-lanca-premio-internacional","status":"publish","type":"post","link":"https:\/\/migracao.redenoticia.com.br\/noticia\/2010\/festival-internacional-de-linguagem-eletronica-lanca-premio-internacional\/22423","title":{"rendered":"Festival Internacional de Linguagem Eletr\u00f4nica lan\u00e7a pr\u00eamio internacional"},"content":{"rendered":"<p>Porto Alegre, 26 de janeiro de 2010 \u2013 Est\u00e3o abertas as inscri\u00e7\u00f5es para o\u00a0<em>FILE PRIX LUX,<\/em> pr\u00eamio internacional destinado a profissionais na \u00e1rea das linguagens eletr\u00f4nico-digitais, at\u00e9 5 de mar\u00e7o, pelo site\u00a0<a href=\"http:\/\/www.fileprixlux.org\/\" target=\"_blank\">www.fileprixlux.org<\/a>. Trata-se de uma iniciativa in\u00e9dita na Am\u00e9rica Latina que valoriza a arte do s\u00e9culo XXI, viabilizada pela primeira vez pelo Santander por meio da Lei Rouanet de incentivo \u00e0 Cultura.<\/p>\n<p>O Pr\u00eamio re\u00fane as categorias:\u00a0<em>Arte Interativa<\/em>,\u00a0<em>Linguagem Digital<\/em> e\u00a0<em>Sonoridade Eletr\u00f4nica<\/em> (primeiro lugar, segundo lugar e cinco men\u00e7\u00f5es honrosas para cada categoria). Os 21 vencedores ser\u00e3o contemplados com aportes em dinheiro, no valor total de R$ 285 mil reais.\u00a0Al\u00e9m da sele\u00e7\u00e3o do j\u00fari, haver\u00e1 vota\u00e7\u00e3o popular feita por meio do site do\u00a0<em>FILE PRIX LUX.<\/em><\/p>\n<p>A premia\u00e7\u00e3o ocorrer\u00e1 em 26 de julho de 2010, juntamente com a abertura da exposi\u00e7\u00e3o, em S\u00e3o Paulo. Os\u00a0projetos n\u00e3o contemplados com a premia\u00e7\u00e3o tamb\u00e9m poder\u00e3o participar do\u00a0<em>FILE 2010 <\/em>caso aceito pelo comit\u00ea julgador.<\/p>\n<p><strong> <em>Sobre o\u00a0FILE<\/em><\/strong><\/p>\n<p><em>O Festival Internacional de Linguagem Eletr\u00f4nica<\/em> \u00e9 uma organiza\u00e7\u00e3o cultural sem fins lucrativos que tem por meta divulgar e desenvolver as artes, tecnologias e pesquisas cient\u00edficas, por meio de exposi\u00e7\u00e3o, debates, palestras e cursos. O Festival promove todos os anos um ponto de encontro no Brasil de profissionais da \u00e1rea das artes e das novas m\u00eddias internacionais. O\u00a0<em>FILE<\/em><strong> <\/strong>contribui para uma reflex\u00e3o atual sobre as principais quest\u00f5es do universo\u00a0eletr\u00f4nico-digital contempor\u00e2neo, reunindo trabalhos de\u00a0webart, netart, intelig\u00eancia artificial,\u00a0 m\u00f3bile art, anima\u00e7\u00e3o computadorizada, inova\u00e7\u00e3o, realidade aumentada, software art, al\u00e9m de games, filmes interativos, instala\u00e7\u00f5es de arte eletr\u00f4nica e rob\u00f3tica em salas interativas e imersivas. A primeira parceria do Santander Cultural Porto Alegre com o\u00a0<em>FILE<\/em> foi em 2008, com uma grande mostra contendo\u00a0220 obras de\u00a056 artistas de 21 pa\u00edses.<\/p>\n<p><strong><em>Atua\u00e7\u00e3o cultural do Grupo Santander Brasil<\/em><\/strong><\/p>\n<p>Com projetos que respeitam as demandas e o repert\u00f3rios locais e contribuem para a transforma\u00e7\u00e3o social, o Grupo Santander Brasil atua na \u00e1rea da cultura formando uma rede de parcerias que promove iniciativas multidisciplinares e contempor\u00e2neas.\u00a0Essa pr\u00e1tica potencializa a dimens\u00e3o educativa, cidad\u00e3, interativa e empreendedora da cultura com foco no desenvolvimento,\u00a0norteando\u00a0 as centenas de a\u00e7\u00f5es institucionais, programas e projetos realizados, al\u00e9m das unidades Porto Alegre e Recife do seu instituto cultural.<\/p>\n<p><strong>SERVI\u00c7O<\/strong> <strong>FILE PRIX LUX<\/strong><\/p>\n<p>Inscri\u00e7\u00f5es gratuitas abertas at\u00e9 5 de mar\u00e7o de 2010 e\u00a0FAQ no site:\u00a0<a href=\"http:\/\/www.fileprixlux.org\/\" target=\"_blank\">http:\/\/www.fileprixlux.org<\/a><\/p>\n","protected":false},"excerpt":{"rendered":"<p>Porto Alegre, 26 de janeiro de 2010 \u2013 Est\u00e3o abertas as inscri\u00e7\u00f5es para o\u00a0FILE PRIX LUX, pr\u00eamio internacional destinado a profissionais na \u00e1rea das linguagens eletr\u00f4nico-digitais, at\u00e9 5 de mar\u00e7o, pelo site\u00a0www.fileprixlux.org. Trata-se de uma iniciativa in\u00e9dita na Am\u00e9rica Latina que valoriza a arte do s\u00e9culo XXI, viabilizada pela primeira vez pelo Santander por meio [&hellip;]<\/p>\n","protected":false},"author":2,"featured_media":0,"comment_status":"open","ping_status":"open","sticky":false,"template":"","format":"standard","meta":{"tdm_status":"","tdm_grid_status":"","footnotes":""},"categories":[370,353],"tags":[],"class_list":{"0":"post-22423","1":"post","2":"type-post","3":"status-publish","4":"format-standard","6":"category-inscricao","7":"category-oportunidades"},"_links":{"self":[{"href":"https:\/\/migracao.redenoticia.com.br\/noticia\/wp-json\/wp\/v2\/posts\/22423","targetHints":{"allow":["GET"]}}],"collection":[{"href":"https:\/\/migracao.redenoticia.com.br\/noticia\/wp-json\/wp\/v2\/posts"}],"about":[{"href":"https:\/\/migracao.redenoticia.com.br\/noticia\/wp-json\/wp\/v2\/types\/post"}],"author":[{"embeddable":true,"href":"https:\/\/migracao.redenoticia.com.br\/noticia\/wp-json\/wp\/v2\/users\/2"}],"replies":[{"embeddable":true,"href":"https:\/\/migracao.redenoticia.com.br\/noticia\/wp-json\/wp\/v2\/comments?post=22423"}],"version-history":[{"count":0,"href":"https:\/\/migracao.redenoticia.com.br\/noticia\/wp-json\/wp\/v2\/posts\/22423\/revisions"}],"wp:attachment":[{"href":"https:\/\/migracao.redenoticia.com.br\/noticia\/wp-json\/wp\/v2\/media?parent=22423"}],"wp:term":[{"taxonomy":"category","embeddable":true,"href":"https:\/\/migracao.redenoticia.com.br\/noticia\/wp-json\/wp\/v2\/categories?post=22423"},{"taxonomy":"post_tag","embeddable":true,"href":"https:\/\/migracao.redenoticia.com.br\/noticia\/wp-json\/wp\/v2\/tags?post=22423"}],"curies":[{"name":"wp","href":"https:\/\/api.w.org\/{rel}","templated":true}]}}