{"id":224268,"date":"2022-09-21T17:10:51","date_gmt":"2022-09-21T20:10:51","guid":{"rendered":"https:\/\/www.redenoticia.com.br\/noticia\/?p=224268"},"modified":"2022-09-21T17:10:51","modified_gmt":"2022-09-21T20:10:51","slug":"resumo-cara-e-coragem-22-09-pat-descobre-que-joca-tambem-e-pai-de-lou","status":"publish","type":"post","link":"https:\/\/migracao.redenoticia.com.br\/noticia\/2022\/resumo-cara-e-coragem-22-09-pat-descobre-que-joca-tambem-e-pai-de-lou\/224268","title":{"rendered":"Resumo \u201cCara e Coragem\u201d 22\/09: Pat descobre que Joca tamb\u00e9m \u00e9 pai de Lou"},"content":{"rendered":"<p> <img loading=\"lazy\" decoding=\"async\" src=\"https:\/\/migracao.redenoticia.com.br\/noticia\/imagens\/cara-e-coragem.jpg\" alt=\"\" width=\"1280\" height=\"720\" class=\"aligncenter size-full wp-image-220184\" srcset=\"https:\/\/migracao.redenoticia.com.br\/noticia\/imagens\/cara-e-coragem.jpg 1280w, https:\/\/migracao.redenoticia.com.br\/noticia\/imagens\/cara-e-coragem-250x140.jpg 250w, https:\/\/migracao.redenoticia.com.br\/noticia\/imagens\/cara-e-coragem-400x225.jpg 400w, https:\/\/migracao.redenoticia.com.br\/noticia\/imagens\/cara-e-coragem-768x432.jpg 768w, https:\/\/migracao.redenoticia.com.br\/noticia\/imagens\/cara-e-coragem-150x84.jpg 150w\" sizes=\"auto, (max-width: 1280px) 100vw, 1280px\" \/><\/p>\n<p><strong><em>Resumo da novela \u201cCara e Coragem\u201d<\/em><\/strong> em 22\/09: no cap\u00edtulo 100(*) da novela, Caio se vangloria por conquistar Martha. M\u00e1rcia repreende \u00cdsis por ter colocado o teste em sua bolsa e a consola sobre a rea\u00e7\u00e3o de Renan. Andr\u00e9a comenta com Pat que o broche que Clarice usava nas reuni\u00f5es do grupo nunca foi encontrado. Lou termina o namoro com Rico, que fica arrasado e sem entender a situa\u00e7\u00e3o. Rebeca aceita o convite de Pat e Andr\u00e9a para frequentar as reuni\u00f5es com o grupo de mulheres. Rico e M\u00e1rcia explicam para Ol\u00edvia o mal-entendido sobre a gravidez.<\/p>\n<p>Dona Lia decide revelar para Anita um segredo sobre a noite que Clarice morreu. \u00cdtalo manda Jarbas falar para Paulo e Marcela que o \u00e1libi de Regina e Leonardo \u00e9 falso. Lou sofre um acidente grave durante a grava\u00e7\u00e3o de um comercial. Anita mostra a foto de Leonardo para o recepcionista do hotel onde ele esteve na noite em que Clarice morreu. Lou precisa da doa\u00e7\u00e3o de um sangue raro. Joca chega ao hospital ap\u00f3s o chamado de Ol\u00edvia para salvar a vida da bailarina. Pat descobre que Joca tamb\u00e9m \u00e9 pai de Lou.<\/p>\n<p>(*) edi\u00e7\u00e3o das novelas da Globo, \u201cCara e Coragem\u201d, sujeito a altera\u00e7\u00e3o de data e conte\u00fado.<\/p>\n<p>Sinopse \u201cCara e Coragem\u201d: Os dubl\u00eas profissionais Pat e Moa ter\u00e3o seus caminhos tra\u00e7ados com o da empres\u00e1ria Clarice Gusm\u00e3o, diretora da Sider\u00fargica Gusm\u00e3o e inventora de uma f\u00f3rmula secreta milion\u00e1ria, que ser\u00e1 invejada por Leonardo, irm\u00e3o de Clarice, sua amante Regina, e Danilo, tamb\u00e9m empres\u00e1rio.<\/p>\n<p>Enquanto os dubl\u00eas se descobrir\u00e3o apaixonados um pelo outro, mesmo que eles n\u00e3o admitam, Clarice ter\u00e1 um caso com \u00cdtalo, um instrutor de parkur, al\u00e9m de outros segredos obscuros dentro da trama. Uma reviravolta em sua vida acontece ao descobrir a exist\u00eancia de Anita, uma s\u00f3sia sua, mas com uma personalidade totalmente oposta.<\/p>\n","protected":false},"excerpt":{"rendered":"<p>Resumo da novela \u201cCara e Coragem\u201d em 22\/09: no cap\u00edtulo 100(*) da novela, Caio se vangloria por conquistar Martha. M\u00e1rcia repreende \u00cdsis por ter colocado o teste em sua bolsa e a consola sobre a rea\u00e7\u00e3o de Renan. Andr\u00e9a comenta com Pat que o broche que Clarice usava nas reuni\u00f5es do grupo nunca foi encontrado. [&hellip;]<\/p>\n","protected":false},"author":2,"featured_media":220185,"comment_status":"closed","ping_status":"closed","sticky":false,"template":"","format":"standard","meta":{"tdm_status":"","tdm_grid_status":"","footnotes":""},"categories":[2281,379,375,2025,343],"tags":[441],"class_list":{"0":"post-224268","1":"post","2":"type-post","3":"status-publish","4":"format-standard","5":"has-post-thumbnail","7":"category-cara-e-coragem","8":"category-novelas","9":"category-rede-globo","10":"category-resumo","11":"category-televisao","12":"tag-resumo-do-dia"},"_links":{"self":[{"href":"https:\/\/migracao.redenoticia.com.br\/noticia\/wp-json\/wp\/v2\/posts\/224268","targetHints":{"allow":["GET"]}}],"collection":[{"href":"https:\/\/migracao.redenoticia.com.br\/noticia\/wp-json\/wp\/v2\/posts"}],"about":[{"href":"https:\/\/migracao.redenoticia.com.br\/noticia\/wp-json\/wp\/v2\/types\/post"}],"author":[{"embeddable":true,"href":"https:\/\/migracao.redenoticia.com.br\/noticia\/wp-json\/wp\/v2\/users\/2"}],"replies":[{"embeddable":true,"href":"https:\/\/migracao.redenoticia.com.br\/noticia\/wp-json\/wp\/v2\/comments?post=224268"}],"version-history":[{"count":0,"href":"https:\/\/migracao.redenoticia.com.br\/noticia\/wp-json\/wp\/v2\/posts\/224268\/revisions"}],"wp:featuredmedia":[{"embeddable":true,"href":"https:\/\/migracao.redenoticia.com.br\/noticia\/wp-json\/wp\/v2\/media\/220185"}],"wp:attachment":[{"href":"https:\/\/migracao.redenoticia.com.br\/noticia\/wp-json\/wp\/v2\/media?parent=224268"}],"wp:term":[{"taxonomy":"category","embeddable":true,"href":"https:\/\/migracao.redenoticia.com.br\/noticia\/wp-json\/wp\/v2\/categories?post=224268"},{"taxonomy":"post_tag","embeddable":true,"href":"https:\/\/migracao.redenoticia.com.br\/noticia\/wp-json\/wp\/v2\/tags?post=224268"}],"curies":[{"name":"wp","href":"https:\/\/api.w.org\/{rel}","templated":true}]}}