{"id":224311,"date":"2022-09-22T12:41:46","date_gmt":"2022-09-22T15:41:46","guid":{"rendered":"https:\/\/www.redenoticia.com.br\/noticia\/?p=224311"},"modified":"2022-09-22T12:41:46","modified_gmt":"2022-09-22T15:41:46","slug":"resumo-cara-e-coragem-23-09-marcela-e-paulo-interrogam-dagmar","status":"publish","type":"post","link":"https:\/\/migracao.redenoticia.com.br\/noticia\/2022\/resumo-cara-e-coragem-23-09-marcela-e-paulo-interrogam-dagmar\/224311","title":{"rendered":"Resumo \u201cCara e Coragem\u201d 23\/09: Marcela e Paulo interrogam Dagmar"},"content":{"rendered":"<p> <img loading=\"lazy\" decoding=\"async\" src=\"https:\/\/migracao.redenoticia.com.br\/noticia\/imagens\/cara-e-coragem.jpg\" alt=\"\" width=\"1280\" height=\"720\" class=\"aligncenter size-full wp-image-220184\" srcset=\"https:\/\/migracao.redenoticia.com.br\/noticia\/imagens\/cara-e-coragem.jpg 1280w, https:\/\/migracao.redenoticia.com.br\/noticia\/imagens\/cara-e-coragem-250x140.jpg 250w, https:\/\/migracao.redenoticia.com.br\/noticia\/imagens\/cara-e-coragem-400x225.jpg 400w, https:\/\/migracao.redenoticia.com.br\/noticia\/imagens\/cara-e-coragem-768x432.jpg 768w, https:\/\/migracao.redenoticia.com.br\/noticia\/imagens\/cara-e-coragem-150x84.jpg 150w\" sizes=\"auto, (max-width: 1280px) 100vw, 1280px\" \/><\/p>\n<p><strong><em>Resumo da novela \u201cCara e Coragem\u201d<\/em><\/strong> em 23\/09: no cap\u00edtulo 101(*) da novela, Rico confirma a Pat que ela e Lou s\u00e3o irm\u00e3s. Moa, Alfredo e Armandinho tamb\u00e9m ficam chocados com a revela\u00e7\u00e3o. Anita descobre que Leonardo se hospedou com um nome falso em um hotel barato no dia da morte da irm\u00e3. Cleide descobre que Renan \u00e9 o pai do filho que \u00cdsis est\u00e1 esperando. Renan obriga Lucas a lev\u00e1-lo ao hospital onde Lou est\u00e1 internada. Dagmar se desespera ao ser chamada para ir \u00e0 delegacia. Pat enfrenta Joca e exige explica\u00e7\u00f5es do pai.<\/p>\n<p>O m\u00e9dico anuncia que a cirurgia de Lou foi um sucesso, mas seu estado ainda \u00e9 grave. Danilo avisa a Rebeca que o detetive tem novidades sobre a investiga\u00e7\u00e3o. Lou acorda ap\u00f3s a cirurgia e expulsa Rico de seu quarto. Pressionado por Pat, Joca conta para Nadir que \u00e9 pai de Lou. Nadir se enfurece com a trai\u00e7\u00e3o de Joca e o expulsa de casa. Anita diz a dona Lia que a pol\u00edcia pode achar que foi ela quem matou Clarice, caso Dagmar n\u00e3o confirme o \u00e1libi de Regina e Leonardo. Marcela e Paulo interrogam Dagmar.<\/p>\n<p>(*) edi\u00e7\u00e3o das novelas da Globo, \u201cCara e Coragem\u201d, sujeito a altera\u00e7\u00e3o de data e conte\u00fado.<\/p>\n<p>Sinopse \u201cCara e Coragem\u201d: Os dubl\u00eas profissionais Pat e Moa ter\u00e3o seus caminhos tra\u00e7ados com o da empres\u00e1ria Clarice Gusm\u00e3o, diretora da Sider\u00fargica Gusm\u00e3o e inventora de uma f\u00f3rmula secreta milion\u00e1ria, que ser\u00e1 invejada por Leonardo, irm\u00e3o de Clarice, sua amante Regina, e Danilo, tamb\u00e9m empres\u00e1rio.<\/p>\n<p>Enquanto os dubl\u00eas se descobrir\u00e3o apaixonados um pelo outro, mesmo que eles n\u00e3o admitam, Clarice ter\u00e1 um caso com \u00cdtalo, um instrutor de parkur, al\u00e9m de outros segredos obscuros dentro da trama. Uma reviravolta em sua vida acontece ao descobrir a exist\u00eancia de Anita, uma s\u00f3sia sua, mas com uma personalidade totalmente oposta.<\/p>\n","protected":false},"excerpt":{"rendered":"<p>Resumo da novela \u201cCara e Coragem\u201d em 23\/09: no cap\u00edtulo 101(*) da novela, Rico confirma a Pat que ela e Lou s\u00e3o irm\u00e3s. Moa, Alfredo e Armandinho tamb\u00e9m ficam chocados com a revela\u00e7\u00e3o. Anita descobre que Leonardo se hospedou com um nome falso em um hotel barato no dia da morte da irm\u00e3. Cleide descobre [&hellip;]<\/p>\n","protected":false},"author":2,"featured_media":220185,"comment_status":"closed","ping_status":"closed","sticky":false,"template":"","format":"standard","meta":{"tdm_status":"","tdm_grid_status":"","footnotes":""},"categories":[2281,379,375,2025,343],"tags":[441],"class_list":{"0":"post-224311","1":"post","2":"type-post","3":"status-publish","4":"format-standard","5":"has-post-thumbnail","7":"category-cara-e-coragem","8":"category-novelas","9":"category-rede-globo","10":"category-resumo","11":"category-televisao","12":"tag-resumo-do-dia"},"_links":{"self":[{"href":"https:\/\/migracao.redenoticia.com.br\/noticia\/wp-json\/wp\/v2\/posts\/224311","targetHints":{"allow":["GET"]}}],"collection":[{"href":"https:\/\/migracao.redenoticia.com.br\/noticia\/wp-json\/wp\/v2\/posts"}],"about":[{"href":"https:\/\/migracao.redenoticia.com.br\/noticia\/wp-json\/wp\/v2\/types\/post"}],"author":[{"embeddable":true,"href":"https:\/\/migracao.redenoticia.com.br\/noticia\/wp-json\/wp\/v2\/users\/2"}],"replies":[{"embeddable":true,"href":"https:\/\/migracao.redenoticia.com.br\/noticia\/wp-json\/wp\/v2\/comments?post=224311"}],"version-history":[{"count":0,"href":"https:\/\/migracao.redenoticia.com.br\/noticia\/wp-json\/wp\/v2\/posts\/224311\/revisions"}],"wp:featuredmedia":[{"embeddable":true,"href":"https:\/\/migracao.redenoticia.com.br\/noticia\/wp-json\/wp\/v2\/media\/220185"}],"wp:attachment":[{"href":"https:\/\/migracao.redenoticia.com.br\/noticia\/wp-json\/wp\/v2\/media?parent=224311"}],"wp:term":[{"taxonomy":"category","embeddable":true,"href":"https:\/\/migracao.redenoticia.com.br\/noticia\/wp-json\/wp\/v2\/categories?post=224311"},{"taxonomy":"post_tag","embeddable":true,"href":"https:\/\/migracao.redenoticia.com.br\/noticia\/wp-json\/wp\/v2\/tags?post=224311"}],"curies":[{"name":"wp","href":"https:\/\/api.w.org\/{rel}","templated":true}]}}