{"id":224340,"date":"2022-09-23T13:07:04","date_gmt":"2022-09-23T16:07:04","guid":{"rendered":"https:\/\/www.redenoticia.com.br\/noticia\/?p=224340"},"modified":"2022-09-23T13:07:04","modified_gmt":"2022-09-23T16:07:04","slug":"resumo-cara-e-coragem-24-09-pat-e-olivia-conversam-seriamente","status":"publish","type":"post","link":"https:\/\/migracao.redenoticia.com.br\/noticia\/2022\/resumo-cara-e-coragem-24-09-pat-e-olivia-conversam-seriamente\/224340","title":{"rendered":"Resumo \u201cCara e Coragem\u201d 24\/09: Pat e Ol\u00edvia conversam seriamente"},"content":{"rendered":"<p> <img loading=\"lazy\" decoding=\"async\" src=\"https:\/\/migracao.redenoticia.com.br\/noticia\/imagens\/cara-e-coragem.jpg\" alt=\"\" width=\"1280\" height=\"720\" class=\"aligncenter size-full wp-image-220184\" srcset=\"https:\/\/migracao.redenoticia.com.br\/noticia\/imagens\/cara-e-coragem.jpg 1280w, https:\/\/migracao.redenoticia.com.br\/noticia\/imagens\/cara-e-coragem-250x140.jpg 250w, https:\/\/migracao.redenoticia.com.br\/noticia\/imagens\/cara-e-coragem-400x225.jpg 400w, https:\/\/migracao.redenoticia.com.br\/noticia\/imagens\/cara-e-coragem-768x432.jpg 768w, https:\/\/migracao.redenoticia.com.br\/noticia\/imagens\/cara-e-coragem-150x84.jpg 150w\" sizes=\"auto, (max-width: 1280px) 100vw, 1280px\" \/><\/p>\n<p><strong><em>Resumo da novela \u201cCara e Coragem\u201d<\/em><\/strong> em 24\/09: no cap\u00edtulo 102(*) da novela, Dagmar se atrapalha durante seu depoimento, e Marcela e Paulo ficam intrigados. Renan decide ficar no hospital para falar com Lou. Regina e Leonardo confirmam que \u00cdtalo est\u00e1 investigando a morte de Clarice. Marino, um antigo colega de trabalho de \u00cdtalo, sugere que Paulo se alie ao ex-seguran\u00e7a. Joca pede perd\u00e3o a Lou. Pat e Ol\u00edvia conversam seriamente.<\/p>\n<p>Kak\u00e1 Bezerra pede para voltar a trabalhar na Coragem.com. J\u00e9ssica \u00e9 abordada por bandidos quando levava a noiva para igreja e \u00e9 obrigada a dirigir para o grupo. Lou pede para conversar com Renan. Rebeca se anima ao saber que o detetive encontrou sua m\u00e3e. Luana v\u00ea Martha sofrendo por Clarice e pensa em revelar a verdade para a empres\u00e1ria. Desacordada, Clarice sonha com o pai, Roberto Gusm\u00e3o, e o equipamento m\u00e9dico registra altera\u00e7\u00e3o nos batimentos. O m\u00e9dico age r\u00e1pido para estabilizar o quadro.<\/p>\n<p>(*) edi\u00e7\u00e3o das novelas da Globo, \u201cCara e Coragem\u201d, sujeito a altera\u00e7\u00e3o de data e conte\u00fado.<\/p>\n<p>Sinopse \u201cCara e Coragem\u201d: Os dubl\u00eas profissionais Pat e Moa ter\u00e3o seus caminhos tra\u00e7ados com o da empres\u00e1ria Clarice Gusm\u00e3o, diretora da Sider\u00fargica Gusm\u00e3o e inventora de uma f\u00f3rmula secreta milion\u00e1ria, que ser\u00e1 invejada por Leonardo, irm\u00e3o de Clarice, sua amante Regina, e Danilo, tamb\u00e9m empres\u00e1rio.<\/p>\n<p>Enquanto os dubl\u00eas se descobrir\u00e3o apaixonados um pelo outro, mesmo que eles n\u00e3o admitam, Clarice ter\u00e1 um caso com \u00cdtalo, um instrutor de parkur, al\u00e9m de outros segredos obscuros dentro da trama. Uma reviravolta em sua vida acontece ao descobrir a exist\u00eancia de Anita, uma s\u00f3sia sua, mas com uma personalidade totalmente oposta.<\/p>\n","protected":false},"excerpt":{"rendered":"<p>Resumo da novela \u201cCara e Coragem\u201d em 24\/09: no cap\u00edtulo 102(*) da novela, Dagmar se atrapalha durante seu depoimento, e Marcela e Paulo ficam intrigados. Renan decide ficar no hospital para falar com Lou. Regina e Leonardo confirmam que \u00cdtalo est\u00e1 investigando a morte de Clarice. Marino, um antigo colega de trabalho de \u00cdtalo, sugere [&hellip;]<\/p>\n","protected":false},"author":2,"featured_media":220185,"comment_status":"closed","ping_status":"closed","sticky":false,"template":"","format":"standard","meta":{"tdm_status":"","tdm_grid_status":"","footnotes":""},"categories":[2281,379,375,2025,343],"tags":[441],"class_list":{"0":"post-224340","1":"post","2":"type-post","3":"status-publish","4":"format-standard","5":"has-post-thumbnail","7":"category-cara-e-coragem","8":"category-novelas","9":"category-rede-globo","10":"category-resumo","11":"category-televisao","12":"tag-resumo-do-dia"},"_links":{"self":[{"href":"https:\/\/migracao.redenoticia.com.br\/noticia\/wp-json\/wp\/v2\/posts\/224340","targetHints":{"allow":["GET"]}}],"collection":[{"href":"https:\/\/migracao.redenoticia.com.br\/noticia\/wp-json\/wp\/v2\/posts"}],"about":[{"href":"https:\/\/migracao.redenoticia.com.br\/noticia\/wp-json\/wp\/v2\/types\/post"}],"author":[{"embeddable":true,"href":"https:\/\/migracao.redenoticia.com.br\/noticia\/wp-json\/wp\/v2\/users\/2"}],"replies":[{"embeddable":true,"href":"https:\/\/migracao.redenoticia.com.br\/noticia\/wp-json\/wp\/v2\/comments?post=224340"}],"version-history":[{"count":0,"href":"https:\/\/migracao.redenoticia.com.br\/noticia\/wp-json\/wp\/v2\/posts\/224340\/revisions"}],"wp:featuredmedia":[{"embeddable":true,"href":"https:\/\/migracao.redenoticia.com.br\/noticia\/wp-json\/wp\/v2\/media\/220185"}],"wp:attachment":[{"href":"https:\/\/migracao.redenoticia.com.br\/noticia\/wp-json\/wp\/v2\/media?parent=224340"}],"wp:term":[{"taxonomy":"category","embeddable":true,"href":"https:\/\/migracao.redenoticia.com.br\/noticia\/wp-json\/wp\/v2\/categories?post=224340"},{"taxonomy":"post_tag","embeddable":true,"href":"https:\/\/migracao.redenoticia.com.br\/noticia\/wp-json\/wp\/v2\/tags?post=224340"}],"curies":[{"name":"wp","href":"https:\/\/api.w.org\/{rel}","templated":true}]}}