{"id":22438,"date":"2010-01-26T17:10:26","date_gmt":"2010-01-26T21:10:26","guid":{"rendered":"http:\/\/www.redenoticia.com.br\/noticia\/?p=22438"},"modified":"2010-01-26T17:10:26","modified_gmt":"2010-01-26T21:10:26","slug":"solitarios-%e2%80%93-eliminacao-do-confinado-numero-1","status":"publish","type":"post","link":"https:\/\/migracao.redenoticia.com.br\/noticia\/2010\/solitarios-%e2%80%93-eliminacao-do-confinado-numero-1\/22438","title":{"rendered":"Solit\u00e1rios \u2013 Elimina\u00e7\u00e3o do Confinado N\u00famero 1"},"content":{"rendered":"<p><strong><em><img loading=\"lazy\" decoding=\"async\" class=\"alignleft size-full wp-image-21054\" title=\"solitarios sbt\" src=\"https:\/\/migracao.redenoticia.com.br\/noticia\/imagens\/solitarios-sbt.jpg\" alt=\"\" width=\"300\" height=\"193\" srcset=\"https:\/\/migracao.redenoticia.com.br\/noticia\/imagens\/solitarios-sbt.jpg 300w, https:\/\/migracao.redenoticia.com.br\/noticia\/imagens\/solitarios-sbt-250x160.jpg 250w, https:\/\/migracao.redenoticia.com.br\/noticia\/imagens\/solitarios-sbt-150x96.jpg 150w\" sizes=\"auto, (max-width: 300px) 100vw, 300px\" \/>Solit\u00e1rios<\/em><\/strong>\u00a0<strong><em>SBT<\/em><\/strong> divulgou como foi a elimina\u00e7\u00e3o do Confinado N\u00famero 1 e os detalhes das pr\u00f3ximas provas.\u00a0Val resolveu inovar. Deu a seus convidados a chance de mandarem recados uns para os outros. Pobre participante n\u00ba 9! Todos implicando com seus gritinhos&#8230; A conversa, por\u00e9m durou pouco. A Prova da Corda decidiria a imunidade na pr\u00f3xima elimina\u00e7\u00e3o.<\/p>\n<p>A brincadeira era \u201cpular corda\u201d. O que eles n\u00e3o sabiam era que a corda pesava 18kg! E a regra era clara: fazer com que a corda desse uma volta completa pelo corpo. A convidada n\u00ba 7, no entanto, n\u00e3o respeitou essas regras e ficou de fora da disputa.<\/p>\n<p>Apesar de armar uma engenhosa estrat\u00e9gia que fez a corda ficar parada enquanto seu corpo se movia ao redor dela, o participante n\u00ba 6 n\u00e3o venceu a prova.<\/p>\n<p>A disputa foi tensa entre os confinados n\u00ba 8 e n\u00ba 9, mas o n\u00ba 8 acabou levando a melhor. Ficou dispensado da Prova da Cadeira El\u00e9trica e ainda recebeu uma bela recompensa: um dia de praia \u2013 dentro da cabine, \u00e9 claro!<\/p>\n<p>E antes da prova de elimina\u00e7\u00e3o, Val resolveu ficar boazinha. Mostrou aos participantes videos familiares. Mostrou o cachorrinho da participante n\u00ba 1, uma mensagem da filha da n\u00ba 3 e a sobrinha do convidado n\u00ba 9, que chorou de emo\u00e7\u00e3o.<\/p>\n<p>O programa foi cheio de atividades divertidas. Val deu a eles papel e m\u00e1quina de escrever para que tentassem redigir uma carta com exatamente 303 letras. Apenas o participante n\u00ba 6 conseguiu. Ganhou o direito de enviar a carta e receber not\u00edcias dos parceiros de banda, que lhe mostraram a capa do novo cd para que aprovasse.<\/p>\n<p>Depois, todos tiveram que tentar colar 50 selos no corpo usando apenas saliva. Aquele que conseguisse colar maior quantidade de selos poderia enviar a carta \u00e0 fam\u00edlia e receber not\u00edcias. N\u00ba 9 colou 34 selos e ficou muito feliz!<\/p>\n<p>Mas a parte criativa do programa ficou por conta do \u201crap da Val\u201d. Os participantes soltaram a criatividade compondo e interpretando um rap em homenagem \u00e0 Val. O convidado n\u00ba 6, que j\u00e1 havia mostrado ser um \u00f3timo cantor, demonstrou tamb\u00e9m ser um \u00f3timo compositor, com seu rap \u201cVal de qu\u00ea?\u201d.<\/p>\n<p>Est\u00e1 tudo muito bom, tudo muito bem, mas chegou o momento decisivo, a Prova de Elimina\u00e7\u00e3o.<\/p>\n<p>Uma cadeira el\u00e9trica e uma morda\u00e7a com bola. Os convidados tinham que permanecer sentados na desconfort\u00e1vel cadeira com a bola da morda\u00e7a na boca, por tempo indeterminado. Seria eliminado o primeiro a pressionar o bot\u00e3o vermelho. A bola na boca for\u00e7ava as articula\u00e7\u00f5es do rosto causando dor e desconforto extremos.<\/p>\n<p>A participante n\u00ba 3 resolveu ficar bem \u00e0 vontade, s\u00f3 de biquini, para realizar a prova. A estrat\u00e9gia parece ter dado certo, pois ela resistiu tempo suficiente para escapar da elimina\u00e7\u00e3o.<\/p>\n<p>O convidado n\u00ba 9 desobedeceu as regras, deixando a bola apenas entre os l\u00e1bios e n\u00e3o totalmente dentro da boca. Sua sorte foi que a participante n\u00ba 1 pressionou o bot\u00e3o vermelho poucos momentos antes da Val desclassific\u00e1-lo da disputa e acabou eliminada de Solit\u00e1rios. Antes de sair, fez uma bonita declara\u00e7\u00e3o de amor \u00e0 fam\u00edlia. At\u00e9 a Val ficou emocionada.<\/p>\n<p>No pr\u00f3ximo programa, os participantes poder\u00e3o ouvir e dan\u00e7ar suas m\u00fasicas preferidas. Mas como a Val n\u00e3o d\u00e1 mole, ter\u00e3o tamb\u00e9m que dan\u00e7ar seus ritmos mais odiados!<\/p>\n<p>E a Prova da Mochila livrar\u00e1 algu\u00e9m da elimina\u00e7\u00e3o que acontecer\u00e1 na Prova do Pregador Met\u00e1lico.<\/p>\n","protected":false},"excerpt":{"rendered":"<p>Solit\u00e1rios\u00a0SBT divulgou como foi a elimina\u00e7\u00e3o do Confinado N\u00famero 1 e os detalhes das pr\u00f3ximas provas.\u00a0Val resolveu inovar. Deu a seus convidados a chance de mandarem recados uns para os outros. Pobre participante n\u00ba 9! Todos implicando com seus gritinhos&#8230; A conversa, por\u00e9m durou pouco. A Prova da Corda decidiria a imunidade na pr\u00f3xima elimina\u00e7\u00e3o. [&hellip;]<\/p>\n","protected":false},"author":3,"featured_media":21054,"comment_status":"open","ping_status":"open","sticky":false,"template":"","format":"standard","meta":{"tdm_status":"","tdm_grid_status":"","footnotes":""},"categories":[22,372,343],"tags":[],"class_list":{"0":"post-22438","1":"post","2":"type-post","3":"status-publish","4":"format-standard","5":"has-post-thumbnail","7":"category-brasil","8":"category-sbt","9":"category-televisao"},"_links":{"self":[{"href":"https:\/\/migracao.redenoticia.com.br\/noticia\/wp-json\/wp\/v2\/posts\/22438","targetHints":{"allow":["GET"]}}],"collection":[{"href":"https:\/\/migracao.redenoticia.com.br\/noticia\/wp-json\/wp\/v2\/posts"}],"about":[{"href":"https:\/\/migracao.redenoticia.com.br\/noticia\/wp-json\/wp\/v2\/types\/post"}],"author":[{"embeddable":true,"href":"https:\/\/migracao.redenoticia.com.br\/noticia\/wp-json\/wp\/v2\/users\/3"}],"replies":[{"embeddable":true,"href":"https:\/\/migracao.redenoticia.com.br\/noticia\/wp-json\/wp\/v2\/comments?post=22438"}],"version-history":[{"count":0,"href":"https:\/\/migracao.redenoticia.com.br\/noticia\/wp-json\/wp\/v2\/posts\/22438\/revisions"}],"wp:featuredmedia":[{"embeddable":true,"href":"https:\/\/migracao.redenoticia.com.br\/noticia\/wp-json\/wp\/v2\/media\/21054"}],"wp:attachment":[{"href":"https:\/\/migracao.redenoticia.com.br\/noticia\/wp-json\/wp\/v2\/media?parent=22438"}],"wp:term":[{"taxonomy":"category","embeddable":true,"href":"https:\/\/migracao.redenoticia.com.br\/noticia\/wp-json\/wp\/v2\/categories?post=22438"},{"taxonomy":"post_tag","embeddable":true,"href":"https:\/\/migracao.redenoticia.com.br\/noticia\/wp-json\/wp\/v2\/tags?post=22438"}],"curies":[{"name":"wp","href":"https:\/\/api.w.org\/{rel}","templated":true}]}}