{"id":224381,"date":"2022-09-24T20:15:44","date_gmt":"2022-09-24T23:15:44","guid":{"rendered":"https:\/\/www.redenoticia.com.br\/noticia\/?p=224381"},"modified":"2022-09-24T20:15:44","modified_gmt":"2022-09-24T23:15:44","slug":"resumo-cara-e-coragem-26-09-anita-segue-italo","status":"publish","type":"post","link":"https:\/\/migracao.redenoticia.com.br\/noticia\/2022\/resumo-cara-e-coragem-26-09-anita-segue-italo\/224381","title":{"rendered":"Resumo \u201cCara e Coragem\u201d 26\/09: Anita segue \u00cdtalo"},"content":{"rendered":"<p> <img loading=\"lazy\" decoding=\"async\" src=\"https:\/\/migracao.redenoticia.com.br\/noticia\/imagens\/cara-e-coragem.jpg\" alt=\"\" width=\"1280\" height=\"720\" class=\"aligncenter size-full wp-image-220184\" srcset=\"https:\/\/migracao.redenoticia.com.br\/noticia\/imagens\/cara-e-coragem.jpg 1280w, https:\/\/migracao.redenoticia.com.br\/noticia\/imagens\/cara-e-coragem-250x140.jpg 250w, https:\/\/migracao.redenoticia.com.br\/noticia\/imagens\/cara-e-coragem-400x225.jpg 400w, https:\/\/migracao.redenoticia.com.br\/noticia\/imagens\/cara-e-coragem-768x432.jpg 768w, https:\/\/migracao.redenoticia.com.br\/noticia\/imagens\/cara-e-coragem-150x84.jpg 150w\" sizes=\"auto, (max-width: 1280px) 100vw, 1280px\" \/><\/p>\n<p><strong><em>Resumo da novela \u201cCara e Coragem\u201d<\/em><\/strong> em 26\/09: no cap\u00edtulo 103(*) da novela, Clarice fala com seu pai em um sonho. O m\u00e9dico consegue estabilizar o estado de Clarice. Rebeca se emociona ao saber o nome de sua m\u00e3e. Lou expulsa Renan de seu quarto do hospital quando ele tenta controlar sua vida novamente. J\u00e9ssica confronta os bandidos. Lou se emociona quando Pat a chama de irm\u00e3. Martha se aconselha com Regina sobre o pedido de Caio para viajar.<\/p>\n<p>Alfredo pergunta porque Ol\u00edvia n\u00e3o contou a ele que teve uma filha com Joca. Nadir atira os pertences de Joca pela janela. Leonardo n\u00e3o gosta dos coment\u00e1rios de Caio sobre Martha. Alfredo decide pedir um tempo para Ol\u00edvia. Duarte promove J\u00e9ssica a assistente depois de saber o que houve com seu carro. Pat desfaz o mal-entendido entre Rico e Lou, que reatam o namoro. <\/p>\n<p>Moa se assusta ao ver Pat vestida com o terninho laranja e contando que o grupo de mulheres voltou a se reunir. Anita segue \u00cdtalo at\u00e9 a loja do tio de J\u00e9ssica. \u00cdtalo cumprimenta Robson e entrega os documentos para fechar a sociedade com ele.<\/p>\n<p>(*) edi\u00e7\u00e3o das novelas da Globo, \u201cCara e Coragem\u201d, sujeito a altera\u00e7\u00e3o de data e conte\u00fado.<\/p>\n<p>Sinopse \u201cCara e Coragem\u201d: Os dubl\u00eas profissionais Pat e Moa ter\u00e3o seus caminhos tra\u00e7ados com o da empres\u00e1ria Clarice Gusm\u00e3o, diretora da Sider\u00fargica Gusm\u00e3o e inventora de uma f\u00f3rmula secreta milion\u00e1ria, que ser\u00e1 invejada por Leonardo, irm\u00e3o de Clarice, sua amante Regina, e Danilo, tamb\u00e9m empres\u00e1rio.<\/p>\n<p>Enquanto os dubl\u00eas se descobrir\u00e3o apaixonados um pelo outro, mesmo que eles n\u00e3o admitam, Clarice ter\u00e1 um caso com \u00cdtalo, um instrutor de parkur, al\u00e9m de outros segredos obscuros dentro da trama. Uma reviravolta em sua vida acontece ao descobrir a exist\u00eancia de Anita, uma s\u00f3sia sua, mas com uma personalidade totalmente oposta.<\/p>\n","protected":false},"excerpt":{"rendered":"<p>Resumo da novela \u201cCara e Coragem\u201d em 26\/09: no cap\u00edtulo 103(*) da novela, Clarice fala com seu pai em um sonho. O m\u00e9dico consegue estabilizar o estado de Clarice. Rebeca se emociona ao saber o nome de sua m\u00e3e. Lou expulsa Renan de seu quarto do hospital quando ele tenta controlar sua vida novamente. J\u00e9ssica [&hellip;]<\/p>\n","protected":false},"author":2,"featured_media":220185,"comment_status":"closed","ping_status":"closed","sticky":false,"template":"","format":"standard","meta":{"tdm_status":"","tdm_grid_status":"","footnotes":""},"categories":[2281,379,375,2025,343],"tags":[441],"class_list":{"0":"post-224381","1":"post","2":"type-post","3":"status-publish","4":"format-standard","5":"has-post-thumbnail","7":"category-cara-e-coragem","8":"category-novelas","9":"category-rede-globo","10":"category-resumo","11":"category-televisao","12":"tag-resumo-do-dia"},"_links":{"self":[{"href":"https:\/\/migracao.redenoticia.com.br\/noticia\/wp-json\/wp\/v2\/posts\/224381","targetHints":{"allow":["GET"]}}],"collection":[{"href":"https:\/\/migracao.redenoticia.com.br\/noticia\/wp-json\/wp\/v2\/posts"}],"about":[{"href":"https:\/\/migracao.redenoticia.com.br\/noticia\/wp-json\/wp\/v2\/types\/post"}],"author":[{"embeddable":true,"href":"https:\/\/migracao.redenoticia.com.br\/noticia\/wp-json\/wp\/v2\/users\/2"}],"replies":[{"embeddable":true,"href":"https:\/\/migracao.redenoticia.com.br\/noticia\/wp-json\/wp\/v2\/comments?post=224381"}],"version-history":[{"count":0,"href":"https:\/\/migracao.redenoticia.com.br\/noticia\/wp-json\/wp\/v2\/posts\/224381\/revisions"}],"wp:featuredmedia":[{"embeddable":true,"href":"https:\/\/migracao.redenoticia.com.br\/noticia\/wp-json\/wp\/v2\/media\/220185"}],"wp:attachment":[{"href":"https:\/\/migracao.redenoticia.com.br\/noticia\/wp-json\/wp\/v2\/media?parent=224381"}],"wp:term":[{"taxonomy":"category","embeddable":true,"href":"https:\/\/migracao.redenoticia.com.br\/noticia\/wp-json\/wp\/v2\/categories?post=224381"},{"taxonomy":"post_tag","embeddable":true,"href":"https:\/\/migracao.redenoticia.com.br\/noticia\/wp-json\/wp\/v2\/tags?post=224381"}],"curies":[{"name":"wp","href":"https:\/\/api.w.org\/{rel}","templated":true}]}}