{"id":2244,"date":"2009-06-02T11:03:26","date_gmt":"2009-06-02T15:03:26","guid":{"rendered":"http:\/\/www.redenoticia.com.br\/noticia\/?p=2244"},"modified":"2009-06-02T11:03:26","modified_gmt":"2009-06-02T15:03:26","slug":"inpe-registra-197-km%c2%b2-de-desmatamento-na-amazonia-em-tres-meses","status":"publish","type":"post","link":"https:\/\/migracao.redenoticia.com.br\/noticia\/2009\/inpe-registra-197-km%c2%b2-de-desmatamento-na-amazonia-em-tres-meses\/2244","title":{"rendered":"Inpe registra 197 km\u00b2 de desmatamento na Amaz\u00f4nia em tr\u00eas meses"},"content":{"rendered":"<p><span class=\"assinatura11\"><\/span><span style=\"font-size: 11pt; font-family: Arial; color: windowtext;\">O desmatamento na Amaz\u00f4nia entre fevereiro e abril foi respons\u00e1vel pela perda de uma \u00e1rea de pelo menos 197 quil\u00f4metros quadrados (km\u00b2) de florestas, de acordo com relat\u00f3rio do Sistema de Detec\u00e7\u00e3o de Desmatamento em Tempo Real (Deter), divulgado hoje (2) pelo Instituto Nacional de Pesquisas Espaciais (Inpe). No entanto, por causa da alta cobertura de nuvens na regi\u00e3o no per\u00edodo, o instituto reconhece que a \u201crepresentatividade da an\u00e1lise \u00e9 reduzida\u201d, ou seja, a devasta\u00e7\u00e3o pode ter sido muito maior.<\/p>\n<p>Na compara\u00e7\u00e3o com o mesmo per\u00edodo do ano passado, quando o Inpe registrou 1.992 km\u00b2 de desmatamento, houve queda de 90%. De acordo com o instituto, por causa das nuvens, os sat\u00e9lites s\u00f3 conseguiram observar cerca de 20% da Amaz\u00f4nia entre fevereiro e abril deste ano.<\/p>\n<p>\u201cO baixo \u00edndice de \u00e1reas de alerta detectadas deve-se \u00e0 pouca oportunidade de observa\u00e7\u00e3o devido \u00e0 presen\u00e7a de uma extensa cobertura de nuvens sobre a regi\u00e3o durante o trimestre, chegando a cobrir mais 88% da regi\u00e3o no m\u00eas de mar\u00e7o\u201d, ressalta o relat\u00f3rio.<\/p>\n<p>A maior parte do desmatamento \u2013 143 km\u00b2 \u2013 foi verificada em fevereiro, quando a cobertura de nuvens era de 80%. Em mar\u00e7o, os sat\u00e9lites registraram 17,5 km\u00b2 e em abril, 36,8 km\u00b2 de novas \u00e1reas devastadas.<\/p>\n<p>Os 197 km\u00b2 de desmate foram registrados em Mato Grosso, Rond\u00f4nia, Roraima e do Par\u00e1. De acordo com o Inpe, os estados do Acre, Amazonas, Amap\u00e1, Tocantins e Maranh\u00e3o n\u00e3o foram monitorados devido \u00e0 alta propor\u00e7\u00e3o de cobertura de nuvens no trimestre.<\/p>\n<p>Mato Grosso foi respons\u00e1vel por mais de 56% do desmatamento no per\u00edodo, com 111,8 km\u00b2 de floresta a menos no estado em tr\u00eas meses. O Par\u00e1 vem em seguida, com cerca de 25% \u2013 50,9 km\u00b2. Roraima aparece em terceiro, com 20,9 km\u00b2 de desmate \u2013 10,6% do total registrado no trimestre.<\/p>\n<p>O Deter mapeia corte raso (derrubada total) e \u00e1reas em processo de desmatamento, a chamada degrada\u00e7\u00e3o progressiva. O sistema serve de alerta para as a\u00e7\u00f5es de fiscaliza\u00e7\u00e3o e controle dos \u00f3rg\u00e3os ambientais.<\/p>\n<p>Como os meses analisados fazem parte do per\u00edodo chuvoso da regi\u00e3o, o Inpe reuniu os dados em uma base trimestral \u201cpara assegurar melhor amostragem e representatividade espacial das an\u00e1lises\u201d. A partir da an\u00e1lise do m\u00eas de maio, a divulga\u00e7\u00e3o dos alertas voltar\u00e1 a ser feita mensalmente.<\/span><\/p>\n<p class=\"MsoNormal\" style=\"margin-bottom: 12pt;\"><span class=\"assinatura11\"><span style=\"font-size: 11pt; font-family: Arial;\">Luana Louren\u00e7o <\/span><\/span><span style=\"font-size: 11pt; font-family: Arial;\"><br \/>\n<span class=\"assinatura11\"><em><span style=\"font-family: Arial;\">Rep\u00f3rter da Ag\u00eancia Brasil<\/span><\/em><\/span><span class=\"assinatura11\"><span style=\"font-family: Arial;\"> <\/span><\/span><\/span><\/p>\n","protected":false},"excerpt":{"rendered":"<p>O desmatamento na Amaz\u00f4nia entre fevereiro e abril foi respons\u00e1vel pela perda de uma \u00e1rea de pelo menos 197 quil\u00f4metros quadrados (km\u00b2) de florestas, de acordo com relat\u00f3rio do Sistema de Detec\u00e7\u00e3o de Desmatamento em Tempo Real (Deter), divulgado hoje (2) pelo Instituto Nacional de Pesquisas Espaciais (Inpe). No entanto, por causa da alta cobertura [&hellip;]<\/p>\n","protected":false},"author":3,"featured_media":0,"comment_status":"open","ping_status":"open","sticky":false,"template":"","format":"standard","meta":{"tdm_status":"","tdm_grid_status":"","footnotes":""},"categories":[22],"tags":[],"class_list":{"0":"post-2244","1":"post","2":"type-post","3":"status-publish","4":"format-standard","6":"category-brasil"},"_links":{"self":[{"href":"https:\/\/migracao.redenoticia.com.br\/noticia\/wp-json\/wp\/v2\/posts\/2244","targetHints":{"allow":["GET"]}}],"collection":[{"href":"https:\/\/migracao.redenoticia.com.br\/noticia\/wp-json\/wp\/v2\/posts"}],"about":[{"href":"https:\/\/migracao.redenoticia.com.br\/noticia\/wp-json\/wp\/v2\/types\/post"}],"author":[{"embeddable":true,"href":"https:\/\/migracao.redenoticia.com.br\/noticia\/wp-json\/wp\/v2\/users\/3"}],"replies":[{"embeddable":true,"href":"https:\/\/migracao.redenoticia.com.br\/noticia\/wp-json\/wp\/v2\/comments?post=2244"}],"version-history":[{"count":0,"href":"https:\/\/migracao.redenoticia.com.br\/noticia\/wp-json\/wp\/v2\/posts\/2244\/revisions"}],"wp:attachment":[{"href":"https:\/\/migracao.redenoticia.com.br\/noticia\/wp-json\/wp\/v2\/media?parent=2244"}],"wp:term":[{"taxonomy":"category","embeddable":true,"href":"https:\/\/migracao.redenoticia.com.br\/noticia\/wp-json\/wp\/v2\/categories?post=2244"},{"taxonomy":"post_tag","embeddable":true,"href":"https:\/\/migracao.redenoticia.com.br\/noticia\/wp-json\/wp\/v2\/tags?post=2244"}],"curies":[{"name":"wp","href":"https:\/\/api.w.org\/{rel}","templated":true}]}}