{"id":224428,"date":"2022-09-26T14:28:47","date_gmt":"2022-09-26T17:28:47","guid":{"rendered":"https:\/\/www.redenoticia.com.br\/noticia\/?p=224428"},"modified":"2022-09-26T14:28:47","modified_gmt":"2022-09-26T17:28:47","slug":"resumo-cara-e-coragem-27-09-margareth-consegue-a-modificacao-da-formula","status":"publish","type":"post","link":"https:\/\/migracao.redenoticia.com.br\/noticia\/2022\/resumo-cara-e-coragem-27-09-margareth-consegue-a-modificacao-da-formula\/224428","title":{"rendered":"Resumo \u201cCara e Coragem\u201d 27\/09: Margareth consegue a modifica\u00e7\u00e3o da f\u00f3rmula"},"content":{"rendered":"<p> <img loading=\"lazy\" decoding=\"async\" src=\"https:\/\/migracao.redenoticia.com.br\/noticia\/imagens\/cara-e-coragem.jpg\" alt=\"\" width=\"1280\" height=\"720\" class=\"aligncenter size-full wp-image-220184\" srcset=\"https:\/\/migracao.redenoticia.com.br\/noticia\/imagens\/cara-e-coragem.jpg 1280w, https:\/\/migracao.redenoticia.com.br\/noticia\/imagens\/cara-e-coragem-250x140.jpg 250w, https:\/\/migracao.redenoticia.com.br\/noticia\/imagens\/cara-e-coragem-400x225.jpg 400w, https:\/\/migracao.redenoticia.com.br\/noticia\/imagens\/cara-e-coragem-768x432.jpg 768w, https:\/\/migracao.redenoticia.com.br\/noticia\/imagens\/cara-e-coragem-150x84.jpg 150w\" sizes=\"auto, (max-width: 1280px) 100vw, 1280px\" \/><\/p>\n<p><strong><em>Resumo da novela \u201cCara e Coragem\u201d<\/em><\/strong> em 27\/09: no cap\u00edtulo 104(*) da novela, Robson assina os pap\u00e9is da sociedade com \u00cdtalo. Anita pede para J\u00e9ssica descobrir por que \u00cdtalo se encontrou com Robson. Rebeca chega para a reuni\u00e3o de mulheres na casa de Andr\u00e9a, vestindo o terninho laranja. Pat se recusa a contar para Moa o conte\u00fado da reuni\u00e3o. Leonardo fica furioso com um coment\u00e1rio de Danilo sobre sua estrat\u00e9gia para o afastamento de Clarice da presid\u00eancia. M\u00e1rcia repreende \u00cdsis por arriscar sua gravidez na apresenta\u00e7\u00e3o de dan\u00e7a.<\/p>\n<p>Joca gosta de saber que Alfredo e Ol\u00edvia est\u00e3o separados. Alfredo chega na companhia de dan\u00e7a, e Joca se enfurece. \u00cdtalo discute com Anita por desconfiar dele. J\u00e9ssica inventa uma mentira para justificar para Andr\u00e9a por que Bob n\u00e3o ir\u00e1 com ela para a companhia de dan\u00e7a. Renan n\u00e3o gosta de ver Rico e Lou se beijando. Cleide alerta \u00cdsis sobre um sangramento. Jonathan fala para Pat e Moa que desconfia de que Margareth esteja trabalhando na modifica\u00e7\u00e3o da f\u00f3rmula no laborat\u00f3rio da SG. Margareth avisa a Leonardo e Regina que conseguiu a modifica\u00e7\u00e3o da f\u00f3rmula.<\/p>\n<p>(*) edi\u00e7\u00e3o das novelas da Globo, \u201cCara e Coragem\u201d, sujeito a altera\u00e7\u00e3o de data e conte\u00fado.<\/p>\n<p>Sinopse \u201cCara e Coragem\u201d: Os dubl\u00eas profissionais Pat e Moa ter\u00e3o seus caminhos tra\u00e7ados com o da empres\u00e1ria Clarice Gusm\u00e3o, diretora da Sider\u00fargica Gusm\u00e3o e inventora de uma f\u00f3rmula secreta milion\u00e1ria, que ser\u00e1 invejada por Leonardo, irm\u00e3o de Clarice, sua amante Regina, e Danilo, tamb\u00e9m empres\u00e1rio.<\/p>\n<p>Enquanto os dubl\u00eas se descobrir\u00e3o apaixonados um pelo outro, mesmo que eles n\u00e3o admitam, Clarice ter\u00e1 um caso com \u00cdtalo, um instrutor de parkur, al\u00e9m de outros segredos obscuros dentro da trama. Uma reviravolta em sua vida acontece ao descobrir a exist\u00eancia de Anita, uma s\u00f3sia sua, mas com uma personalidade totalmente oposta.<\/p>\n","protected":false},"excerpt":{"rendered":"<p>Resumo da novela \u201cCara e Coragem\u201d em 27\/09: no cap\u00edtulo 104(*) da novela, Robson assina os pap\u00e9is da sociedade com \u00cdtalo. Anita pede para J\u00e9ssica descobrir por que \u00cdtalo se encontrou com Robson. Rebeca chega para a reuni\u00e3o de mulheres na casa de Andr\u00e9a, vestindo o terninho laranja. Pat se recusa a contar para Moa [&hellip;]<\/p>\n","protected":false},"author":2,"featured_media":220185,"comment_status":"closed","ping_status":"closed","sticky":false,"template":"","format":"standard","meta":{"tdm_status":"","tdm_grid_status":"","footnotes":""},"categories":[2281,379,375,2025,343],"tags":[441],"class_list":{"0":"post-224428","1":"post","2":"type-post","3":"status-publish","4":"format-standard","5":"has-post-thumbnail","7":"category-cara-e-coragem","8":"category-novelas","9":"category-rede-globo","10":"category-resumo","11":"category-televisao","12":"tag-resumo-do-dia"},"_links":{"self":[{"href":"https:\/\/migracao.redenoticia.com.br\/noticia\/wp-json\/wp\/v2\/posts\/224428","targetHints":{"allow":["GET"]}}],"collection":[{"href":"https:\/\/migracao.redenoticia.com.br\/noticia\/wp-json\/wp\/v2\/posts"}],"about":[{"href":"https:\/\/migracao.redenoticia.com.br\/noticia\/wp-json\/wp\/v2\/types\/post"}],"author":[{"embeddable":true,"href":"https:\/\/migracao.redenoticia.com.br\/noticia\/wp-json\/wp\/v2\/users\/2"}],"replies":[{"embeddable":true,"href":"https:\/\/migracao.redenoticia.com.br\/noticia\/wp-json\/wp\/v2\/comments?post=224428"}],"version-history":[{"count":0,"href":"https:\/\/migracao.redenoticia.com.br\/noticia\/wp-json\/wp\/v2\/posts\/224428\/revisions"}],"wp:featuredmedia":[{"embeddable":true,"href":"https:\/\/migracao.redenoticia.com.br\/noticia\/wp-json\/wp\/v2\/media\/220185"}],"wp:attachment":[{"href":"https:\/\/migracao.redenoticia.com.br\/noticia\/wp-json\/wp\/v2\/media?parent=224428"}],"wp:term":[{"taxonomy":"category","embeddable":true,"href":"https:\/\/migracao.redenoticia.com.br\/noticia\/wp-json\/wp\/v2\/categories?post=224428"},{"taxonomy":"post_tag","embeddable":true,"href":"https:\/\/migracao.redenoticia.com.br\/noticia\/wp-json\/wp\/v2\/tags?post=224428"}],"curies":[{"name":"wp","href":"https:\/\/api.w.org\/{rel}","templated":true}]}}